{"id":33593,"date":"2026-01-16T13:00:25","date_gmt":"2026-01-16T12:00:25","guid":{"rendered":"https:\/\/www.primigi.it\/prets-pour-les-premiers-pas\/"},"modified":"2025-04-22T15:09:24","modified_gmt":"2025-04-22T13:09:24","slug":"prets-pour-les-premiers-pas","status":"publish","type":"post","link":"https:\/\/www.primigi.it\/fr\/tu-sais-maman\/devenir-grands\/prets-pour-les-premiers-pas\/","title":{"rendered":"Pr\u00eats pour les premiers pas ?"},"content":{"rendered":"\t\t<div data-elementor-type=\"wp-post\" data-elementor-id=\"33593\" class=\"elementor elementor-33593 elementor-1590\" data-elementor-post-type=\"post\">\n\t\t\t\t\t\t\t\t\t<section class=\"elementor-section elementor-top-section elementor-element elementor-element-234caa2 elementor-section-boxed elementor-section-height-default elementor-section-height-default\" data-id=\"234caa2\" data-element_type=\"section\">\n\t\t\t\t\t\t<div class=\"elementor-container elementor-column-gap-default\">\n\t\t\t\t\t<div class=\"elementor-column elementor-col-100 elementor-top-column elementor-element elementor-element-6684979\" data-id=\"6684979\" data-element_type=\"column\">\n\t\t\t<div class=\"elementor-widget-wrap elementor-element-populated\">\n\t\t\t\t\t\t\t\t<div class=\"elementor-element elementor-element-a2a1dee elementor-widget elementor-widget-titolo-e-testo\" data-id=\"a2a1dee\" data-element_type=\"widget\" data-widget_type=\"titolo-e-testo.default\">\n\t\t\t\t<div class=\"elementor-widget-container\">\n\t\t\t<div class=\"titolo-e-testo\"><div class=\"text__container\"><div class=\"text\" style=\"\"><div class=\"itemIntroText\"><h3 class=\"\" data-start=\"120\" data-end=\"227\">Les \u00e9tapes qui m\u00e8nent un enfant \u00e0 marcher expliqu\u00e9es par le podologue et posturologue Daniele Simonetti<\/h3><p class=\"\" data-start=\"229\" data-end=\"532\"><strong data-start=\"229\" data-end=\"266\">Chaque enfant a son propre rythme<\/strong> : certains rampent, d\u2019autres roulent, certains se d\u00e9placent assis sur les fesses, tandis que d'autres attendent. Puis, tout \u00e0 coup, ils se l\u00e8vent et se tiennent debout, pr\u00eats \u00e0 marcher seuls. Mais, de mani\u00e8re g\u00e9n\u00e9rale, \u00e0 quel \u00e2ge un enfant commence-t-il \u00e0 marcher ?<\/p><p class=\"\" data-start=\"534\" data-end=\"1020\"><strong data-start=\"534\" data-end=\"567\">\u00ab L\u2019\u00caTRE HUMAIN EST UN BIP\u00c8DE<\/strong>, une caract\u00e9ristique unique parmi toutes les esp\u00e8ces animales, y compris les mammif\u00e8res \u00bb, explique Daniele Simonetti, podologue et posturologue. \u00ab Au cours des deux premi\u00e8res ann\u00e9es de vie, l\u2019enfant passe de la phase n\u00e9onatale, o\u00f9 il repose sur son tronc, \u00e0 la phase de redressement, au cours de laquelle il atteint la position debout. \u00bb<br data-start=\"906\" data-end=\"909\" \/>Chaque enfant suit son propre parcours, avec ses \u00e9tapes : certains sont plus audacieux, d'autres plus prudents.<\/p><p class=\"\" data-start=\"1022\" data-end=\"1091\">Mais alors, quelles sont les <strong data-start=\"1051\" data-end=\"1089\">\u00e9tapes cl\u00e9s qui m\u00e8nent \u00e0 la marche<\/strong> ?<\/p><p class=\"\" data-start=\"1093\" data-end=\"1389\">\u00ab <strong data-start=\"1095\" data-end=\"1112\">Vers 4-5 mois<\/strong>, d\u00e9bute la phase du retournement. Le passage de la position ventrale \u00e0 la position \u00e0 quatre pattes se produit chez <strong data-start=\"1228\" data-end=\"1267\">100\u202f% des enfants avant le 15e mois<\/strong>. Avec de l\u2019aide, entre <strong data-start=\"1291\" data-end=\"1306\">7 et 9 mois<\/strong>, le b\u00e9b\u00e9 peut soutenir son poids, mais il n\u2019a pas encore l\u2019\u00e9quilibre n\u00e9cessaire. \u00bb<\/p><p class=\"\" data-start=\"1391\" data-end=\"1960\">Ce moment de transition et d\u2019apprentissage, qui engage l\u2019enfant tant physiquement qu\u2019\u00e9motionnellement, <strong data-start=\"1494\" data-end=\"1560\">requiert aussi un soutien affectif fort de la part des parents<\/strong>. Encouragement, patience, amour, et <strong data-start=\"1597\" data-end=\"1613\">z\u00e9ro anxi\u00e9t\u00e9<\/strong> sont les meilleurs alli\u00e9s pour ses premi\u00e8res tentatives.<br data-start=\"1670\" data-end=\"1673\" \/>\u00ab Il est important de le stimuler \u00e0 marcher, mais sans forcer : la marche est un mouvement naturel, libre et spontan\u00e9, qui viendra tout seul, au bon moment \u00bb, conseille l\u2019expert. \u00ab C\u2019est lui qui fera les premi\u00e8res tentatives de se lever, souvent en s\u2019accrochant\u2026 \u00e0 la main d\u2019un parent. \u00bb<\/p><p class=\"\" data-start=\"1962\" data-end=\"2305\">La <strong data-start=\"1965\" data-end=\"1984\">marche autonome<\/strong> appara\u00eet g\u00e9n\u00e9ralement <strong data-start=\"2007\" data-end=\"2029\">entre 9 et 18 mois<\/strong>.<br data-start=\"2030\" data-end=\"2033\" \/>Au d\u00e9but, l\u2019enfant marche en posant tout le pied \u00e0 plat et les bras lev\u00e9s. Ce n\u2019est <strong data-start=\"2117\" data-end=\"2153\">qu\u2019\u00e0 la fin de sa deuxi\u00e8me ann\u00e9e<\/strong> qu\u2019il abaisse les bras et commence \u00e0 plier le pied, r\u00e9duisant ainsi sa base d\u2019appui.<br data-start=\"2238\" data-end=\"2241\" \/><strong data-start=\"2241\" data-end=\"2280\">La maturation compl\u00e8te de la marche<\/strong> survient <strong data-start=\"2290\" data-end=\"2305\">vers 7 ans.<\/strong><\/p><h3 class=\"\" data-start=\"2307\" data-end=\"2361\">Pieds nus ou chaussures pour apprendre \u00e0 marcher ?<\/h3><p class=\"\" data-start=\"2363\" data-end=\"2456\">Une <strong data-start=\"2367\" data-end=\"2388\">chaussure adapt\u00e9e<\/strong> prot\u00e8ge, soutient le pied et <strong data-start=\"2418\" data-end=\"2443\">favorise la stabilit\u00e9<\/strong> de l\u2019enfant.<\/p><p class=\"\" data-start=\"2458\" data-end=\"2715\">\u00ab Le pied est un organe sensoriel, dot\u00e9 de milliards de r\u00e9cepteurs connect\u00e9s au syst\u00e8me nerveux central. Marcher pieds nus \u2013 lorsque c\u2019est possible et en toute s\u00e9curit\u00e9 \u2013 peut stimuler la perception de l\u2019environnement ext\u00e9rieur \u00bb, conclut Daniele Simonetti.<\/p><p class=\"\" data-start=\"2717\" data-end=\"2785\"><a href=\"https:\/\/www.primigi.it\/fr\/\"><strong data-start=\"2720\" data-end=\"2785\">D\u00e9couvrez nos chaussures premiers pas pour gar\u00e7ons et filles.<\/strong><\/a><\/p><p class=\"\" data-start=\"2787\" data-end=\"2874\"><em data-start=\"2787\" data-end=\"2874\">Article r\u00e9dig\u00e9 en collaboration avec <strong><a href=\"https:\/\/quimamme.corriere.it\/\" target=\"_blank\" rel=\"alternate noopener noreferrer\">quimamme.corriere.it<\/a><\/strong>\u00a0 et le Dr Daniele Simonetti.<\/em><\/p><\/div><\/div><\/div><\/div>\t\t<\/div>\n\t\t\t\t<\/div>\n\t\t\t\t\t<\/div>\n\t\t<\/div>\n\t\t\t\t\t\t\t<\/div>\n\t\t<\/section>\n\t\t\t\t\t\t\t<\/div>\n\t\t","protected":false},"excerpt":{"rendered":"<p>Les \u00e9tapes qui m\u00e8nent un enfant \u00e0 marcher expliqu\u00e9es par le podologue et posturologue Daniele Simonetti Chaque enfant a son propre rythme : certains rampent, d\u2019autres roulent, certains se d\u00e9placent assis sur les fesses, tandis que d&rsquo;autres attendent. Puis, tout \u00e0 coup, ils se l\u00e8vent et se tiennent debout, pr\u00eats \u00e0 marcher seuls. Mais, de &hellip;<\/p>\n<p class=\"read-more\"> <a class=\"\" href=\"https:\/\/www.primigi.it\/fr\/tu-sais-maman\/devenir-grands\/prets-pour-les-premiers-pas\/\"> <span class=\"screen-reader-text\">Pr\u00eats pour les premiers pas ?<\/span> Lire la suite \u00bb<\/a><\/p>\n","protected":false},"author":4,"featured_media":1857,"comment_status":"open","ping_status":"open","sticky":false,"template":"","format":"standard","meta":{"site-sidebar-layout":"default","site-content-layout":"default","ast-global-header-display":"","ast-banner-title-visibility":"","ast-main-header-display":"","ast-hfb-above-header-display":"","ast-hfb-below-header-display":"","ast-hfb-mobile-header-display":"","site-post-title":"","ast-breadcrumbs-content":"","ast-featured-img":"","footer-sml-layout":"","theme-transparent-header-meta":"default","adv-header-id-meta":"","stick-header-meta":"","header-above-stick-meta":"","header-main-stick-meta":"","header-below-stick-meta":""},"categories":[58],"tags":[],"acf":[],"yoast_head":"<!-- This site is optimized with the Yoast SEO plugin v20.11 - https:\/\/yoast.com\/wordpress\/plugins\/seo\/ -->\n<title>Pr\u00eats pour les premiers pas ? - Primigi<\/title>\n<meta name=\"description\" content=\"Primigi - Pr\u00eats pour les premiers pas ? - D\u00e9couvrez les \u00e9tapes qui m\u00e8nent un enfant \u00e0 marcher et nos conseils pour \u00eatre pr\u00eats pour ses premiers pas.\" \/>\n<meta name=\"robots\" content=\"index, follow, max-snippet:-1, max-image-preview:large, max-video-preview:-1\" \/>\n<link rel=\"canonical\" href=\"https:\/\/www.primigi.it\/fr\/tu-sais-maman\/devenir-grands\/prets-pour-les-premiers-pas\/\" \/>\n<meta property=\"og:locale\" content=\"fr_FR\" \/>\n<meta property=\"og:type\" content=\"article\" \/>\n<meta property=\"og:title\" content=\"Pr\u00eats pour les premiers pas ? - Primigi\" \/>\n<meta property=\"og:description\" content=\"Primigi - Pr\u00eats pour les premiers pas ? - D\u00e9couvrez les \u00e9tapes qui m\u00e8nent un enfant \u00e0 marcher et nos conseils pour \u00eatre pr\u00eats pour ses premiers pas.\" \/>\n<meta property=\"og:url\" content=\"https:\/\/www.primigi.it\/fr\/tu-sais-maman\/devenir-grands\/prets-pour-les-premiers-pas\/\" \/>\n<meta property=\"og:site_name\" content=\"Primigi\" \/>\n<meta property=\"article:published_time\" content=\"2026-01-16T12:00:25+00:00\" \/>\n<meta property=\"article:modified_time\" content=\"2025-04-22T13:09:24+00:00\" \/>\n<meta property=\"og:image\" content=\"https:\/\/www.primigi.it\/wp-content\/uploads\/2023\/03\/Pronti_per_i_primi_passi.jpg\" \/>\n\t<meta property=\"og:image:width\" content=\"1920\" \/>\n\t<meta property=\"og:image:height\" content=\"768\" \/>\n\t<meta property=\"og:image:type\" content=\"image\/jpeg\" \/>\n<meta name=\"author\" content=\"Alessandra Spiezia\" \/>\n<meta name=\"twitter:card\" content=\"summary_large_image\" \/>\n<meta name=\"twitter:label1\" content=\"\u00c9crit par\" \/>\n\t<meta name=\"twitter:data1\" content=\"Alessandra Spiezia\" \/>\n\t<meta name=\"twitter:label2\" content=\"Dur\u00e9e de lecture estim\u00e9e\" \/>\n\t<meta name=\"twitter:data2\" content=\"3 minutes\" \/>\n<script type=\"application\/ld+json\" class=\"yoast-schema-graph\">{\"@context\":\"https:\/\/schema.org\",\"@graph\":[{\"@type\":\"Article\",\"@id\":\"https:\/\/www.primigi.it\/fr\/tu-sais-maman\/devenir-grands\/prets-pour-les-premiers-pas\/#article\",\"isPartOf\":{\"@id\":\"https:\/\/www.primigi.it\/fr\/tu-sais-maman\/devenir-grands\/prets-pour-les-premiers-pas\/\"},\"author\":{\"name\":\"Alessandra Spiezia\",\"@id\":\"https:\/\/www.primigi.it\/fr\/#\/schema\/person\/946130f37c7995e42e774e30e8117be1\"},\"headline\":\"Pr\u00eats pour les premiers pas ?\",\"datePublished\":\"2026-01-16T12:00:25+00:00\",\"dateModified\":\"2025-04-22T13:09:24+00:00\",\"mainEntityOfPage\":{\"@id\":\"https:\/\/www.primigi.it\/fr\/tu-sais-maman\/devenir-grands\/prets-pour-les-premiers-pas\/\"},\"wordCount\":474,\"commentCount\":0,\"publisher\":{\"@id\":\"https:\/\/www.primigi.it\/fr\/#organization\"},\"articleSection\":[\"Devenir grands\"],\"inLanguage\":\"fr-FR\",\"potentialAction\":[{\"@type\":\"CommentAction\",\"name\":\"Comment\",\"target\":[\"https:\/\/www.primigi.it\/fr\/tu-sais-maman\/devenir-grands\/prets-pour-les-premiers-pas\/#respond\"]}]},{\"@type\":\"WebPage\",\"@id\":\"https:\/\/www.primigi.it\/fr\/tu-sais-maman\/devenir-grands\/prets-pour-les-premiers-pas\/\",\"url\":\"https:\/\/www.primigi.it\/fr\/tu-sais-maman\/devenir-grands\/prets-pour-les-premiers-pas\/\",\"name\":\"Pr\u00eats pour les premiers pas ? - Primigi\",\"isPartOf\":{\"@id\":\"https:\/\/www.primigi.it\/fr\/#website\"},\"datePublished\":\"2026-01-16T12:00:25+00:00\",\"dateModified\":\"2025-04-22T13:09:24+00:00\",\"description\":\"Primigi - Pr\u00eats pour les premiers pas ? - D\u00e9couvrez les \u00e9tapes qui m\u00e8nent un enfant \u00e0 marcher et nos conseils pour \u00eatre pr\u00eats pour ses premiers pas.\",\"breadcrumb\":{\"@id\":\"https:\/\/www.primigi.it\/fr\/tu-sais-maman\/devenir-grands\/prets-pour-les-premiers-pas\/#breadcrumb\"},\"inLanguage\":\"fr-FR\",\"potentialAction\":[{\"@type\":\"ReadAction\",\"target\":[\"https:\/\/www.primigi.it\/fr\/tu-sais-maman\/devenir-grands\/prets-pour-les-premiers-pas\/\"]}]},{\"@type\":\"BreadcrumbList\",\"@id\":\"https:\/\/www.primigi.it\/fr\/tu-sais-maman\/devenir-grands\/prets-pour-les-premiers-pas\/#breadcrumb\",\"itemListElement\":[{\"@type\":\"ListItem\",\"position\":1,\"name\":\"Home\",\"item\":\"https:\/\/www.primigi.it\/fr\/\"},{\"@type\":\"ListItem\",\"position\":2,\"name\":\"Pr\u00eats pour les premiers pas ?\"}]},{\"@type\":\"WebSite\",\"@id\":\"https:\/\/www.primigi.it\/fr\/#website\",\"url\":\"https:\/\/www.primigi.it\/fr\/\",\"name\":\"Primigi\",\"description\":\"Scarpe e abbigliamento per bambino e bambina\",\"publisher\":{\"@id\":\"https:\/\/www.primigi.it\/fr\/#organization\"},\"potentialAction\":[{\"@type\":\"SearchAction\",\"target\":{\"@type\":\"EntryPoint\",\"urlTemplate\":\"https:\/\/www.primigi.it\/fr\/?s={search_term_string}\"},\"query-input\":\"required name=search_term_string\"}],\"inLanguage\":\"fr-FR\"},{\"@type\":\"Organization\",\"@id\":\"https:\/\/www.primigi.it\/fr\/#organization\",\"name\":\"Primigi\",\"url\":\"https:\/\/www.primigi.it\/fr\/\",\"logo\":{\"@type\":\"ImageObject\",\"inLanguage\":\"fr-FR\",\"@id\":\"https:\/\/www.primigi.it\/fr\/#\/schema\/logo\/image\/\",\"url\":\"https:\/\/www.primigi.it\/wp-content\/uploads\/2023\/03\/cropped-Primigi_logo50_vert-200.png\",\"contentUrl\":\"https:\/\/www.primigi.it\/wp-content\/uploads\/2023\/03\/cropped-Primigi_logo50_vert-200.png\",\"width\":200,\"height\":208,\"caption\":\"Primigi\"},\"image\":{\"@id\":\"https:\/\/www.primigi.it\/fr\/#\/schema\/logo\/image\/\"}},{\"@type\":\"Person\",\"@id\":\"https:\/\/www.primigi.it\/fr\/#\/schema\/person\/946130f37c7995e42e774e30e8117be1\",\"name\":\"Alessandra Spiezia\",\"image\":{\"@type\":\"ImageObject\",\"inLanguage\":\"fr-FR\",\"@id\":\"https:\/\/www.primigi.it\/fr\/#\/schema\/person\/image\/\",\"url\":\"https:\/\/www.primigi.it\/wp-content\/litespeed\/avatar\/57f9e4600e30cab6a653c3f9fa1b2d03.jpg?ver=1776947207\",\"contentUrl\":\"https:\/\/www.primigi.it\/wp-content\/litespeed\/avatar\/57f9e4600e30cab6a653c3f9fa1b2d03.jpg?ver=1776947207\",\"caption\":\"Alessandra Spiezia\"}}]}<\/script>\n<!-- \/ Yoast SEO plugin. -->","yoast_head_json":{"title":"Pr\u00eats pour les premiers pas ? - Primigi","description":"Primigi - Pr\u00eats pour les premiers pas ? - D\u00e9couvrez les \u00e9tapes qui m\u00e8nent un enfant \u00e0 marcher et nos conseils pour \u00eatre pr\u00eats pour ses premiers pas.","robots":{"index":"index","follow":"follow","max-snippet":"max-snippet:-1","max-image-preview":"max-image-preview:large","max-video-preview":"max-video-preview:-1"},"canonical":"https:\/\/www.primigi.it\/fr\/tu-sais-maman\/devenir-grands\/prets-pour-les-premiers-pas\/","og_locale":"fr_FR","og_type":"article","og_title":"Pr\u00eats pour les premiers pas ? - Primigi","og_description":"Primigi - Pr\u00eats pour les premiers pas ? - D\u00e9couvrez les \u00e9tapes qui m\u00e8nent un enfant \u00e0 marcher et nos conseils pour \u00eatre pr\u00eats pour ses premiers pas.","og_url":"https:\/\/www.primigi.it\/fr\/tu-sais-maman\/devenir-grands\/prets-pour-les-premiers-pas\/","og_site_name":"Primigi","article_published_time":"2026-01-16T12:00:25+00:00","article_modified_time":"2025-04-22T13:09:24+00:00","og_image":[{"width":1920,"height":768,"url":"https:\/\/www.primigi.it\/wp-content\/uploads\/2023\/03\/Pronti_per_i_primi_passi.jpg","type":"image\/jpeg"}],"author":"Alessandra Spiezia","twitter_card":"summary_large_image","twitter_misc":{"\u00c9crit par":"Alessandra Spiezia","Dur\u00e9e de lecture estim\u00e9e":"3 minutes"},"schema":{"@context":"https:\/\/schema.org","@graph":[{"@type":"Article","@id":"https:\/\/www.primigi.it\/fr\/tu-sais-maman\/devenir-grands\/prets-pour-les-premiers-pas\/#article","isPartOf":{"@id":"https:\/\/www.primigi.it\/fr\/tu-sais-maman\/devenir-grands\/prets-pour-les-premiers-pas\/"},"author":{"name":"Alessandra Spiezia","@id":"https:\/\/www.primigi.it\/fr\/#\/schema\/person\/946130f37c7995e42e774e30e8117be1"},"headline":"Pr\u00eats pour les premiers pas ?","datePublished":"2026-01-16T12:00:25+00:00","dateModified":"2025-04-22T13:09:24+00:00","mainEntityOfPage":{"@id":"https:\/\/www.primigi.it\/fr\/tu-sais-maman\/devenir-grands\/prets-pour-les-premiers-pas\/"},"wordCount":474,"commentCount":0,"publisher":{"@id":"https:\/\/www.primigi.it\/fr\/#organization"},"articleSection":["Devenir grands"],"inLanguage":"fr-FR","potentialAction":[{"@type":"CommentAction","name":"Comment","target":["https:\/\/www.primigi.it\/fr\/tu-sais-maman\/devenir-grands\/prets-pour-les-premiers-pas\/#respond"]}]},{"@type":"WebPage","@id":"https:\/\/www.primigi.it\/fr\/tu-sais-maman\/devenir-grands\/prets-pour-les-premiers-pas\/","url":"https:\/\/www.primigi.it\/fr\/tu-sais-maman\/devenir-grands\/prets-pour-les-premiers-pas\/","name":"Pr\u00eats pour les premiers pas ? - Primigi","isPartOf":{"@id":"https:\/\/www.primigi.it\/fr\/#website"},"datePublished":"2026-01-16T12:00:25+00:00","dateModified":"2025-04-22T13:09:24+00:00","description":"Primigi - Pr\u00eats pour les premiers pas ? - D\u00e9couvrez les \u00e9tapes qui m\u00e8nent un enfant \u00e0 marcher et nos conseils pour \u00eatre pr\u00eats pour ses premiers pas.","breadcrumb":{"@id":"https:\/\/www.primigi.it\/fr\/tu-sais-maman\/devenir-grands\/prets-pour-les-premiers-pas\/#breadcrumb"},"inLanguage":"fr-FR","potentialAction":[{"@type":"ReadAction","target":["https:\/\/www.primigi.it\/fr\/tu-sais-maman\/devenir-grands\/prets-pour-les-premiers-pas\/"]}]},{"@type":"BreadcrumbList","@id":"https:\/\/www.primigi.it\/fr\/tu-sais-maman\/devenir-grands\/prets-pour-les-premiers-pas\/#breadcrumb","itemListElement":[{"@type":"ListItem","position":1,"name":"Home","item":"https:\/\/www.primigi.it\/fr\/"},{"@type":"ListItem","position":2,"name":"Pr\u00eats pour les premiers pas ?"}]},{"@type":"WebSite","@id":"https:\/\/www.primigi.it\/fr\/#website","url":"https:\/\/www.primigi.it\/fr\/","name":"Primigi","description":"Scarpe e abbigliamento per bambino e bambina","publisher":{"@id":"https:\/\/www.primigi.it\/fr\/#organization"},"potentialAction":[{"@type":"SearchAction","target":{"@type":"EntryPoint","urlTemplate":"https:\/\/www.primigi.it\/fr\/?s={search_term_string}"},"query-input":"required name=search_term_string"}],"inLanguage":"fr-FR"},{"@type":"Organization","@id":"https:\/\/www.primigi.it\/fr\/#organization","name":"Primigi","url":"https:\/\/www.primigi.it\/fr\/","logo":{"@type":"ImageObject","inLanguage":"fr-FR","@id":"https:\/\/www.primigi.it\/fr\/#\/schema\/logo\/image\/","url":"https:\/\/www.primigi.it\/wp-content\/uploads\/2023\/03\/cropped-Primigi_logo50_vert-200.png","contentUrl":"https:\/\/www.primigi.it\/wp-content\/uploads\/2023\/03\/cropped-Primigi_logo50_vert-200.png","width":200,"height":208,"caption":"Primigi"},"image":{"@id":"https:\/\/www.primigi.it\/fr\/#\/schema\/logo\/image\/"}},{"@type":"Person","@id":"https:\/\/www.primigi.it\/fr\/#\/schema\/person\/946130f37c7995e42e774e30e8117be1","name":"Alessandra Spiezia","image":{"@type":"ImageObject","inLanguage":"fr-FR","@id":"https:\/\/www.primigi.it\/fr\/#\/schema\/person\/image\/","url":"https:\/\/www.primigi.it\/wp-content\/litespeed\/avatar\/57f9e4600e30cab6a653c3f9fa1b2d03.jpg?ver=1776947207","contentUrl":"https:\/\/www.primigi.it\/wp-content\/litespeed\/avatar\/57f9e4600e30cab6a653c3f9fa1b2d03.jpg?ver=1776947207","caption":"Alessandra Spiezia"}}]}},"wpml_current_locale":"fr_FR","wpml_translations":{"it_IT":{"locale":"it_IT","id":1590,"slug":"pronti-per-i-primi-passi","post_title":"Pronti per i primi passi?","href":"https:\/\/www.primigi.it\/mamma-lo-sai-che\/diventare-grandi\/pronti-per-i-primi-passi\/"},"en_US":{"locale":"en_US","id":33588,"slug":"ready-for-the-first-steps","post_title":"Ready for the first steps?","href":"https:\/\/www.primigi.it\/en\/mum-do-you-know\/growing-up\/ready-for-the-first-steps\/"},"de_DE":{"locale":"de_DE","id":33580,"slug":"bereit-fuer-die-ersten-schritte","post_title":"Bereit f\u00fcr die ersten Schritte?","href":"https:\/\/www.primigi.it\/de\/mama-du-weisst-dass\/aufwachsen\/bereit-fuer-die-ersten-schritte\/"},"ru_RU":{"locale":"ru_RU","id":33604,"slug":"%d0%b3%d0%be%d1%82%d0%be%d0%b2%d1%8b-%d0%ba-%d0%bf%d0%b5%d1%80%d0%b2%d1%8b%d0%bc-%d1%88%d0%b0%d0%b3%d0%b0%d0%bc","post_title":"\u0413\u043e\u0442\u043e\u0432\u044b \u043a \u043f\u0435\u0440\u0432\u044b\u043c \u0448\u0430\u0433\u0430\u043c?","href":"https:\/\/www.primigi.it\/ru\/%D0%BC%D0%B0%D0%BC%D0%B0-%D1%82%D1%8B-%D0%B7%D0%BD%D0%B0%D0%B5%D1%88%D1%8C-%D1%87%D1%82%D0%BE\/%D1%87%D1%82%D0%BE%D0%B1%D1%8B-%D0%B2%D1%8B%D1%80%D0%B0%D1%81%D1%82%D0%B8\/%D0%B3%D0%BE%D1%82%D0%BE%D0%B2%D1%8B-%D0%BA-%D0%BF%D0%B5%D1%80%D0%B2%D1%8B%D0%BC-%D1%88%D0%B0%D0%B3%D0%B0%D0%BC\/"},"es_ES":{"locale":"es_ES","id":33599,"slug":"listos-para-los-primeros-pasos","post_title":"\u00bfListos para los primeros pasos?","href":"https:\/\/www.primigi.it\/es\/mama-lo-sabes\/crecer\/listos-para-los-primeros-pasos\/"}},"_links":{"self":[{"href":"https:\/\/www.primigi.it\/fr\/wp-json\/wp\/v2\/posts\/33593"}],"collection":[{"href":"https:\/\/www.primigi.it\/fr\/wp-json\/wp\/v2\/posts"}],"about":[{"href":"https:\/\/www.primigi.it\/fr\/wp-json\/wp\/v2\/types\/post"}],"author":[{"embeddable":true,"href":"https:\/\/www.primigi.it\/fr\/wp-json\/wp\/v2\/users\/4"}],"replies":[{"embeddable":true,"href":"https:\/\/www.primigi.it\/fr\/wp-json\/wp\/v2\/comments?post=33593"}],"version-history":[{"count":7,"href":"https:\/\/www.primigi.it\/fr\/wp-json\/wp\/v2\/posts\/33593\/revisions"}],"predecessor-version":[{"id":33614,"href":"https:\/\/www.primigi.it\/fr\/wp-json\/wp\/v2\/posts\/33593\/revisions\/33614"}],"wp:featuredmedia":[{"embeddable":true,"href":"https:\/\/www.primigi.it\/fr\/wp-json\/wp\/v2\/media\/1857"}],"wp:attachment":[{"href":"https:\/\/www.primigi.it\/fr\/wp-json\/wp\/v2\/media?parent=33593"}],"wp:term":[{"taxonomy":"category","embeddable":true,"href":"https:\/\/www.primigi.it\/fr\/wp-json\/wp\/v2\/categories?post=33593"},{"taxonomy":"post_tag","embeddable":true,"href":"https:\/\/www.primigi.it\/fr\/wp-json\/wp\/v2\/tags?post=33593"}],"curies":[{"name":"wp","href":"https:\/\/api.w.org\/{rel}","templated":true}]}}