{"id":26716,"date":"2023-12-18T12:14:08","date_gmt":"2023-12-18T11:14:08","guid":{"rendered":"https:\/\/www.primigi.it\/mi-prendo-e-mi-porto-via-parents-voyageurs-blogueurs\/"},"modified":"2023-12-18T16:25:33","modified_gmt":"2023-12-18T15:25:33","slug":"mi-prendo-e-mi-porto-via-parents-voyageurs-blogueurs","status":"publish","type":"post","link":"https:\/\/www.primigi.it\/fr\/tu-sais-maman\/voyager-ensemble\/mi-prendo-e-mi-porto-via-parents-voyageurs-blogueurs\/","title":{"rendered":"Mi prendo e mi porto via: Parents Voyageurs Blogueurs"},"content":{"rendered":"\t\t<div data-elementor-type=\"wp-post\" data-elementor-id=\"26716\" class=\"elementor elementor-26716 elementor-26611\" data-elementor-post-type=\"post\">\n\t\t\t\t\t\t\t\t\t<section class=\"elementor-section elementor-top-section elementor-element elementor-element-63d9aab elementor-section-boxed elementor-section-height-default elementor-section-height-default\" data-id=\"63d9aab\" data-element_type=\"section\">\n\t\t\t\t\t\t<div class=\"elementor-container elementor-column-gap-default\">\n\t\t\t\t\t<div class=\"elementor-column elementor-col-100 elementor-top-column elementor-element elementor-element-7213053\" data-id=\"7213053\" data-element_type=\"column\">\n\t\t\t<div class=\"elementor-widget-wrap elementor-element-populated\">\n\t\t\t\t\t\t\t\t<div class=\"elementor-element elementor-element-0b01b43 elementor-widget elementor-widget-text-editor\" data-id=\"0b01b43\" data-element_type=\"widget\" data-widget_type=\"text-editor.default\">\n\t\t\t\t<div class=\"elementor-widget-container\">\n\t\t\t<style>\/*! elementor - v3.14.0 - 26-06-2023 *\/\n.elementor-widget-text-editor.elementor-drop-cap-view-stacked .elementor-drop-cap{background-color:#69727d;color:#fff}.elementor-widget-text-editor.elementor-drop-cap-view-framed .elementor-drop-cap{color:#69727d;border:3px solid;background-color:transparent}.elementor-widget-text-editor:not(.elementor-drop-cap-view-default) .elementor-drop-cap{margin-top:8px}.elementor-widget-text-editor:not(.elementor-drop-cap-view-default) .elementor-drop-cap-letter{width:1em;height:1em}.elementor-widget-text-editor .elementor-drop-cap{float:left;text-align:center;line-height:1;font-size:50px}.elementor-widget-text-editor .elementor-drop-cap-letter{display:inline-block}<\/style>\t\t\t\t<p><strong><em>Parents, voyageurs, blogueurs : Elisa et Luca nous racontent leur vie li\u00e9e au travail et leurs voyages f\u00e9eriques, accompagn\u00e9s de leur enfant<\/em><\/strong><\/p><h4 class=\"BodyA\">\u00a0<\/h4>\t\t\t\t\t\t<\/div>\n\t\t\t\t<\/div>\n\t\t\t\t\t<\/div>\n\t\t<\/div>\n\t\t\t\t\t\t\t<\/div>\n\t\t<\/section>\n\t\t\t\t<section class=\"elementor-section elementor-top-section elementor-element elementor-element-baf5046 elementor-section-boxed elementor-section-height-default elementor-section-height-default\" data-id=\"baf5046\" data-element_type=\"section\">\n\t\t\t\t\t\t<div class=\"elementor-container elementor-column-gap-default\">\n\t\t\t\t\t<div class=\"elementor-column elementor-col-100 elementor-top-column elementor-element elementor-element-1f95d46\" data-id=\"1f95d46\" data-element_type=\"column\">\n\t\t\t<div class=\"elementor-widget-wrap elementor-element-populated\">\n\t\t\t\t\t\t\t\t<div class=\"elementor-element elementor-element-d39cd4e elementor-widget elementor-widget-titolo-e-testo\" data-id=\"d39cd4e\" data-element_type=\"widget\" data-widget_type=\"titolo-e-testo.default\">\n\t\t\t\t<div class=\"elementor-widget-container\">\n\t\t\t<div class=\"titolo-e-testo\"><div class=\"text__container\"><div class=\"text\" style=\"\"><p>Est-il possible pour un couple de voyageurs inv\u00e9t\u00e9r\u00e9s de faire de leur vie un voyage sans fin ?<\/p><p>Oui, et c'est ce qu'ont r\u00e9ussi \u00e0 faire Elisa et Luca, fondateurs de l'un des blogs de voyage les plus suivis en Italie. C\u0153ur rock'n'roll et \u00e2me gitane, <a href=\"http:\/\/www.miprendoemiportovia.it\"><em><strong>Mi prendo e mi porta via<\/strong><\/em><\/a> est n\u00e9 en 2011 de l'envie de partager la grande passion du voyage et de d\u00e9crire chaque coin du monde avec la perspective d\u2019une personne aussi locale que possible.<\/p><p><em>Mi prendo e mi porto via<\/em> c'est un blog pour des couples mais pas seulement : il s'adresse \u00e0 toutes les personnes qui souffrent du \u00ab syndrome de l'envie d'errer \u00bb et propose, en plus de centaines d'articles de fond sur presque toutes les destinations, des chroniques th\u00e9matiques comme <em><a href=\"https:\/\/www.miprendoemiportovia.it\/category\/itineraries-and-tours\/in-viaggio-con-manina\/\"><strong>Travelling with Manina<\/strong><\/a><\/em>, d\u00e9di\u00e9e \u00e0 voyager en famille. Oui, car deux ans apr\u00e8s la naissance du blog, Elisa et Luca sont devenus parents et aujourd'hui, avec leur fils de 10 ans, voyager \u00e0 trois est une aventure de plus en plus excitante.<\/p><\/div><\/div><\/div>\t\t<\/div>\n\t\t\t\t<\/div>\n\t\t\t\t\t<\/div>\n\t\t<\/div>\n\t\t\t\t\t\t\t<\/div>\n\t\t<\/section>\n\t\t\t\t<section class=\"elementor-section elementor-top-section elementor-element elementor-element-ef520cf elementor-section-boxed elementor-section-height-default elementor-section-height-default\" data-id=\"ef520cf\" data-element_type=\"section\">\n\t\t\t\t\t\t<div class=\"elementor-container elementor-column-gap-default\">\n\t\t\t\t\t<div class=\"elementor-column elementor-col-100 elementor-top-column elementor-element elementor-element-1a5206c\" data-id=\"1a5206c\" data-element_type=\"column\">\n\t\t\t<div class=\"elementor-widget-wrap elementor-element-populated\">\n\t\t\t\t\t\t\t\t<div class=\"elementor-element elementor-element-44851f6 elementor-widget elementor-widget-spacer\" data-id=\"44851f6\" data-element_type=\"widget\" data-widget_type=\"spacer.default\">\n\t\t\t\t<div class=\"elementor-widget-container\">\n\t\t\t<style>\/*! elementor - v3.14.0 - 26-06-2023 *\/\n.elementor-column .elementor-spacer-inner{height:var(--spacer-size)}.e-con{--container-widget-width:100%}.e-con-inner>.elementor-widget-spacer,.e-con>.elementor-widget-spacer{width:var(--container-widget-width,var(--spacer-size));--align-self:var(--container-widget-align-self,initial);--flex-shrink:0}.e-con-inner>.elementor-widget-spacer>.elementor-widget-container,.e-con-inner>.elementor-widget-spacer>.elementor-widget-container>.elementor-spacer,.e-con>.elementor-widget-spacer>.elementor-widget-container,.e-con>.elementor-widget-spacer>.elementor-widget-container>.elementor-spacer{height:100%}.e-con-inner>.elementor-widget-spacer>.elementor-widget-container>.elementor-spacer>.elementor-spacer-inner,.e-con>.elementor-widget-spacer>.elementor-widget-container>.elementor-spacer>.elementor-spacer-inner{height:var(--container-widget-height,var(--spacer-size))}<\/style>\t\t<div class=\"elementor-spacer\">\n\t\t\t<div class=\"elementor-spacer-inner\"><\/div>\n\t\t<\/div>\n\t\t\t\t<\/div>\n\t\t\t\t<\/div>\n\t\t\t\t\t<\/div>\n\t\t<\/div>\n\t\t\t\t\t\t\t<\/div>\n\t\t<\/section>\n\t\t\t\t<section class=\"elementor-section elementor-top-section elementor-element elementor-element-6d0df23 elementor-section-boxed elementor-section-height-default elementor-section-height-default\" data-id=\"6d0df23\" data-element_type=\"section\">\n\t\t\t\t\t\t<div class=\"elementor-container elementor-column-gap-default\">\n\t\t\t\t\t<div class=\"elementor-column elementor-col-100 elementor-top-column elementor-element elementor-element-79bd459\" data-id=\"79bd459\" data-element_type=\"column\">\n\t\t\t<div class=\"elementor-widget-wrap elementor-element-populated\">\n\t\t\t\t\t\t\t\t<div class=\"elementor-element elementor-element-c27d7ba elementor-widget elementor-widget-titolo-e-testo\" data-id=\"c27d7ba\" data-element_type=\"widget\" data-widget_type=\"titolo-e-testo.default\">\n\t\t\t\t<div class=\"elementor-widget-container\">\n\t\t\t<div class=\"titolo-e-testo\"><div class=\"text__container\"><div class=\"text\" style=\"\"><p><strong>Le blog d\u00e9colle<\/strong><\/p><p>L'id\u00e9e est n\u00e9e de l'envie de partager des exp\u00e9riences et d'aider les gens. \u00ab En 2011, personne n'aurait imagin\u00e9 que cela puisse devenir un m\u00e9tier - dit Elisa -. En fait, jusqu\u2019en 2017, \u00eatre blogueur n\u2019\u00e9tait pas reconnu comme une profession mais \u00e9tait consid\u00e9r\u00e9 comme un passe-temps et personne ne croyait pouvoir gagner un salaire. Nous avons proc\u00e9d\u00e9 avec pers\u00e9v\u00e9rance par envie d'\u00eatre utiles aux autres et de communiquer ce que nous aimions \u00e0 la folie : <strong>voyager!<\/strong><\/p><p>Il faut dire cependant que certains organismes touristiques particuli\u00e8rement \u00e9clair\u00e9s ont port\u00e9 attention aux blogueurs d\u00e8s le d\u00e9but et sont devenus au fil des ann\u00e9es de plus en plus r\u00e9ceptifs au besoin de raconter, de pr\u00e9senter et d'impliquer \u00e0 travers la narration des cr\u00e9ateurs de contenu. Alors petit \u00e0 petit de nouvelles collaborations sont arriv\u00e9es et notre activit\u00e9 li\u00e9e aux voyages est devenue de plus en plus intense.\"<\/p><\/div><\/div><\/div>\t\t<\/div>\n\t\t\t\t<\/div>\n\t\t\t\t\t<\/div>\n\t\t<\/div>\n\t\t\t\t\t\t\t<\/div>\n\t\t<\/section>\n\t\t\t\t<section class=\"elementor-section elementor-top-section elementor-element elementor-element-527cbe4 elementor-section-boxed elementor-section-height-default elementor-section-height-default\" data-id=\"527cbe4\" data-element_type=\"section\">\n\t\t\t\t\t\t<div class=\"elementor-container elementor-column-gap-default\">\n\t\t\t\t\t<div class=\"elementor-column elementor-col-100 elementor-top-column elementor-element elementor-element-30411a3\" data-id=\"30411a3\" data-element_type=\"column\">\n\t\t\t<div class=\"elementor-widget-wrap elementor-element-populated\">\n\t\t\t\t\t\t\t\t<div class=\"elementor-element elementor-element-6d6b3f1 elementor-widget elementor-widget-spacer\" data-id=\"6d6b3f1\" data-element_type=\"widget\" data-widget_type=\"spacer.default\">\n\t\t\t\t<div class=\"elementor-widget-container\">\n\t\t\t\t\t<div class=\"elementor-spacer\">\n\t\t\t<div class=\"elementor-spacer-inner\"><\/div>\n\t\t<\/div>\n\t\t\t\t<\/div>\n\t\t\t\t<\/div>\n\t\t\t\t\t<\/div>\n\t\t<\/div>\n\t\t\t\t\t\t\t<\/div>\n\t\t<\/section>\n\t\t\t\t<section class=\"elementor-section elementor-top-section elementor-element elementor-element-080d05b elementor-section-boxed elementor-section-height-default elementor-section-height-default\" data-id=\"080d05b\" data-element_type=\"section\">\n\t\t\t\t\t\t<div class=\"elementor-container elementor-column-gap-default\">\n\t\t\t\t\t<div class=\"elementor-column elementor-col-100 elementor-top-column elementor-element elementor-element-5588ef4\" data-id=\"5588ef4\" data-element_type=\"column\">\n\t\t\t<div class=\"elementor-widget-wrap elementor-element-populated\">\n\t\t\t\t\t\t\t\t<div class=\"elementor-element elementor-element-8c0052e elementor-widget elementor-widget-immagine-singola\" data-id=\"8c0052e\" data-element_type=\"widget\" data-widget_type=\"immagine-singola.default\">\n\t\t\t\t<div class=\"elementor-widget-container\">\n\t\t\t<div class='container-immagine-singola'><img class='immagine-singola'  src=https:\/\/www.primigi.it\/wp-content\/uploads\/2023\/12\/unnamed-4.jpg \/><\/div>\t\t<\/div>\n\t\t\t\t<\/div>\n\t\t\t\t\t<\/div>\n\t\t<\/div>\n\t\t\t\t\t\t\t<\/div>\n\t\t<\/section>\n\t\t\t\t<section class=\"elementor-section elementor-top-section elementor-element elementor-element-745b283 elementor-section-boxed elementor-section-height-default elementor-section-height-default\" data-id=\"745b283\" data-element_type=\"section\">\n\t\t\t\t\t\t<div class=\"elementor-container elementor-column-gap-default\">\n\t\t\t\t\t<div class=\"elementor-column elementor-col-100 elementor-top-column elementor-element elementor-element-3f68c7a\" data-id=\"3f68c7a\" data-element_type=\"column\">\n\t\t\t<div class=\"elementor-widget-wrap elementor-element-populated\">\n\t\t\t\t\t\t\t\t<div class=\"elementor-element elementor-element-8c3d418 elementor-widget elementor-widget-spacer\" data-id=\"8c3d418\" data-element_type=\"widget\" data-widget_type=\"spacer.default\">\n\t\t\t\t<div class=\"elementor-widget-container\">\n\t\t\t\t\t<div class=\"elementor-spacer\">\n\t\t\t<div class=\"elementor-spacer-inner\"><\/div>\n\t\t<\/div>\n\t\t\t\t<\/div>\n\t\t\t\t<\/div>\n\t\t\t\t\t<\/div>\n\t\t<\/div>\n\t\t\t\t\t\t\t<\/div>\n\t\t<\/section>\n\t\t\t\t<section class=\"elementor-section elementor-top-section elementor-element elementor-element-a494100 elementor-section-boxed elementor-section-height-default elementor-section-height-default\" data-id=\"a494100\" data-element_type=\"section\">\n\t\t\t\t\t\t<div class=\"elementor-container elementor-column-gap-default\">\n\t\t\t\t\t<div class=\"elementor-column elementor-col-100 elementor-top-column elementor-element elementor-element-b493366\" data-id=\"b493366\" data-element_type=\"column\">\n\t\t\t<div class=\"elementor-widget-wrap elementor-element-populated\">\n\t\t\t\t\t\t\t\t<div class=\"elementor-element elementor-element-bc2ef75 elementor-widget elementor-widget-titolo-e-testo\" data-id=\"bc2ef75\" data-element_type=\"widget\" data-widget_type=\"titolo-e-testo.default\">\n\t\t\t\t<div class=\"elementor-widget-container\">\n\t\t\t<div class=\"titolo-e-testo\"><div class=\"text__container\"><div class=\"text\" style=\"\"><p><strong>Parents, voyageurs, bloggers<\/strong><\/p><p>\u00a0<\/p><p>Aujourd'hui, Luca et Elisa continuent de voyager : comme leur fils est \u00e0 l'\u00e9cole obligatoire, ils essaient de ne pas s'absenter pendant de longues p\u00e9riodes, mais lorsque le travail appelle, la valise est pr\u00eate.<\/p><p>\u00a0<\/p><p><em>Comment conciliez-vous le travail de deux blogueurs de voyage avec votre famille ?<\/em><\/p><p>\u00ab Notre blog est principalement un blog de voyage pour les couples, nous avons donc souvent tendance \u00e0 nous absenter. Nous recherchons \u00e9videmment le juste \u00e9quilibre, mais c'est notre m\u00e9tier.<\/p><p>D'autre part, cette vie nous permet de faire vivre \u00e0 notre enfant des exp\u00e9riences fabuleuses et extraordinaires, au vrai sens du terme ; \u00c0 son \u00e2ge, il a voyag\u00e9 plus que tous les membres de notre famille r\u00e9unis.<\/p><p>Ensemble, nous avons parcouru des endroits incroyables : de l'\u00eele de P\u00e2ques \u00e0 la Laponie, de l'Australie aux \u00c9tats-Unis, il a mis les pieds dans au moins 40 pays.<\/p><p>\u00a0<\/p><p>Et vivre de nombreuses aventures ensemble l'a amen\u00e9 \u00e0 \u00eatre un enfant extr\u00eamement ind\u00e9pendant, \u00e0 l'esprit ouvert et r\u00e9ceptif. Et cela n'a pas de prix.\"<\/p><\/div><\/div><\/div>\t\t<\/div>\n\t\t\t\t<\/div>\n\t\t\t\t\t<\/div>\n\t\t<\/div>\n\t\t\t\t\t\t\t<\/div>\n\t\t<\/section>\n\t\t\t\t<section class=\"elementor-section elementor-top-section elementor-element elementor-element-f6d4464 elementor-section-boxed elementor-section-height-default elementor-section-height-default\" data-id=\"f6d4464\" data-element_type=\"section\">\n\t\t\t\t\t\t<div class=\"elementor-container elementor-column-gap-default\">\n\t\t\t\t\t<div class=\"elementor-column elementor-col-100 elementor-top-column elementor-element elementor-element-69ccca6\" data-id=\"69ccca6\" data-element_type=\"column\">\n\t\t\t<div class=\"elementor-widget-wrap elementor-element-populated\">\n\t\t\t\t\t\t\t\t<div class=\"elementor-element elementor-element-8e88322 elementor-widget elementor-widget-spacer\" data-id=\"8e88322\" data-element_type=\"widget\" data-widget_type=\"spacer.default\">\n\t\t\t\t<div class=\"elementor-widget-container\">\n\t\t\t\t\t<div class=\"elementor-spacer\">\n\t\t\t<div class=\"elementor-spacer-inner\"><\/div>\n\t\t<\/div>\n\t\t\t\t<\/div>\n\t\t\t\t<\/div>\n\t\t\t\t\t<\/div>\n\t\t<\/div>\n\t\t\t\t\t\t\t<\/div>\n\t\t<\/section>\n\t\t\t\t<section class=\"elementor-section elementor-top-section elementor-element elementor-element-d434924 elementor-section-boxed elementor-section-height-default elementor-section-height-default\" data-id=\"d434924\" data-element_type=\"section\">\n\t\t\t\t\t\t<div class=\"elementor-container elementor-column-gap-default\">\n\t\t\t\t\t<div class=\"elementor-column elementor-col-100 elementor-top-column elementor-element elementor-element-2679cff\" data-id=\"2679cff\" data-element_type=\"column\">\n\t\t\t<div class=\"elementor-widget-wrap elementor-element-populated\">\n\t\t\t\t\t\t\t\t<div class=\"elementor-element elementor-element-d97c3fc elementor-widget elementor-widget-image\" data-id=\"d97c3fc\" data-element_type=\"widget\" data-widget_type=\"image.default\">\n\t\t\t\t<div class=\"elementor-widget-container\">\n\t\t\t<style>\/*! elementor - v3.14.0 - 26-06-2023 *\/\n.elementor-widget-image{text-align:center}.elementor-widget-image a{display:inline-block}.elementor-widget-image a img[src$=\".svg\"]{width:48px}.elementor-widget-image img{vertical-align:middle;display:inline-block}<\/style>\t\t\t\t\t\t\t\t\t\t\t\t<img decoding=\"async\" src=\"https:\/\/www.primigi.it\/wp-content\/uploads\/elementor\/thumbs\/unnamed-5-qgzjuzdnbou135hxeptmthcx3zowkfg1f5cr6w1c34.jpg\" title=\"unnamed-5\" alt=\"unnamed-5\" loading=\"lazy\" \/>\t\t\t\t\t\t\t\t\t\t\t\t\t\t\t<\/div>\n\t\t\t\t<\/div>\n\t\t\t\t\t<\/div>\n\t\t<\/div>\n\t\t\t\t\t\t\t<\/div>\n\t\t<\/section>\n\t\t\t\t<section class=\"elementor-section elementor-top-section elementor-element elementor-element-e493d40 elementor-section-boxed elementor-section-height-default elementor-section-height-default\" data-id=\"e493d40\" data-element_type=\"section\">\n\t\t\t\t\t\t<div class=\"elementor-container elementor-column-gap-default\">\n\t\t\t\t\t<div class=\"elementor-column elementor-col-100 elementor-top-column elementor-element elementor-element-4e77fd8\" data-id=\"4e77fd8\" data-element_type=\"column\">\n\t\t\t<div class=\"elementor-widget-wrap elementor-element-populated\">\n\t\t\t\t\t\t\t\t<div class=\"elementor-element elementor-element-d3a7e8f elementor-widget elementor-widget-titolo-e-testo\" data-id=\"d3a7e8f\" data-element_type=\"widget\" data-widget_type=\"titolo-e-testo.default\">\n\t\t\t\t<div class=\"elementor-widget-container\">\n\t\t\t<div class=\"titolo-e-testo\"><div class=\"text__container\"><div class=\"text\" style=\"\"><p><strong>Les voyages de Manina<\/strong><\/p><p>\u00a0<\/p><p>Chaque endroit que nous visitons est unique et chaque pays cache des richesses : mais chaque famille a ses voyages pr\u00e9f\u00e9r\u00e9s. \u00ab Notre fils est un grand fan de l'Australie : il aimerait y revenir chaque ann\u00e9e. Nous avons d\u00e9j\u00e0 fait deux voyages ensemble en Australie, visitant \u00e0 chaque fois une r\u00e9gion diff\u00e9rente, mais d\u00e8s que possible nous aimerions y retourner une troisi\u00e8me fois car c'est un pays immense.<\/p><p>Puis c'est un amoureux des Maldives et de sa vie sous-marine ; il aime les animaux, surtout marins. Pour cette raison, nous avons aussi ador\u00e9 les \u00eeles Cook, en Polyn\u00e9sie n\u00e9o-z\u00e9landaise, moins connues que la fran\u00e7aise. mais tout aussi fabuleuses en termes de vie marine et sous-marine et de culture locale.<\/p><p>Et puis l'\u00cele de P\u00e2ques : cette ann\u00e9e, nous avons fait un tr\u00e8s long voyage du nord au sud de l'Am\u00e9rique latine, en partant du Chili et avons visit\u00e9 cette \u00eele merveilleuse. Rencontrer les Mohai, dans un pays si \u00e9loign\u00e9 de nous, a \u00e9t\u00e9 une exp\u00e9rience que nous n'oublierons jamais. \u00bb<\/p><\/div><\/div><\/div>\t\t<\/div>\n\t\t\t\t<\/div>\n\t\t\t\t\t<\/div>\n\t\t<\/div>\n\t\t\t\t\t\t\t<\/div>\n\t\t<\/section>\n\t\t\t\t<section class=\"elementor-section elementor-top-section elementor-element elementor-element-6cda135 elementor-section-boxed elementor-section-height-default elementor-section-height-default\" data-id=\"6cda135\" data-element_type=\"section\">\n\t\t\t\t\t\t<div class=\"elementor-container elementor-column-gap-default\">\n\t\t\t\t\t<div class=\"elementor-column elementor-col-100 elementor-top-column elementor-element elementor-element-75cf71a\" data-id=\"75cf71a\" data-element_type=\"column\">\n\t\t\t<div class=\"elementor-widget-wrap elementor-element-populated\">\n\t\t\t\t\t\t\t\t<div class=\"elementor-element elementor-element-2f973a6 elementor-widget elementor-widget-image\" data-id=\"2f973a6\" data-element_type=\"widget\" data-widget_type=\"image.default\">\n\t\t\t\t<div class=\"elementor-widget-container\">\n\t\t\t\t\t\t\t\t\t\t\t\t\t\t\t<img decoding=\"async\" src=\"https:\/\/www.primigi.it\/wp-content\/uploads\/elementor\/thumbs\/Senza-titolo-1-qgzp4q2swqkqpfvyg8fhn3nlz2h9cvpfua69oope28.jpg\" title=\"Senza titolo-1\" alt=\"Senza titolo-1\" loading=\"lazy\" \/>\t\t\t\t\t\t\t\t\t\t\t\t\t\t\t<\/div>\n\t\t\t\t<\/div>\n\t\t\t\t\t<\/div>\n\t\t<\/div>\n\t\t\t\t\t\t\t<\/div>\n\t\t<\/section>\n\t\t\t\t<section class=\"elementor-section elementor-top-section elementor-element elementor-element-8a6e775 elementor-section-boxed elementor-section-height-default elementor-section-height-default\" data-id=\"8a6e775\" data-element_type=\"section\">\n\t\t\t\t\t\t<div class=\"elementor-container elementor-column-gap-default\">\n\t\t\t\t\t<div class=\"elementor-column elementor-col-100 elementor-top-column elementor-element elementor-element-bb23cd2\" data-id=\"bb23cd2\" data-element_type=\"column\">\n\t\t\t<div class=\"elementor-widget-wrap elementor-element-populated\">\n\t\t\t\t\t\t\t\t<div class=\"elementor-element elementor-element-f727942 elementor-widget elementor-widget-spacer\" data-id=\"f727942\" data-element_type=\"widget\" data-widget_type=\"spacer.default\">\n\t\t\t\t<div class=\"elementor-widget-container\">\n\t\t\t\t\t<div class=\"elementor-spacer\">\n\t\t\t<div class=\"elementor-spacer-inner\"><\/div>\n\t\t<\/div>\n\t\t\t\t<\/div>\n\t\t\t\t<\/div>\n\t\t\t\t\t<\/div>\n\t\t<\/div>\n\t\t\t\t\t\t\t<\/div>\n\t\t<\/section>\n\t\t\t\t<section class=\"elementor-section elementor-top-section elementor-element elementor-element-ec45e50 elementor-section-boxed elementor-section-height-default elementor-section-height-default\" data-id=\"ec45e50\" data-element_type=\"section\">\n\t\t\t\t\t\t<div class=\"elementor-container elementor-column-gap-default\">\n\t\t\t\t\t<div class=\"elementor-column elementor-col-100 elementor-top-column elementor-element elementor-element-7621352\" data-id=\"7621352\" data-element_type=\"column\">\n\t\t\t<div class=\"elementor-widget-wrap elementor-element-populated\">\n\t\t\t\t\t\t\t\t<div class=\"elementor-element elementor-element-1014e31 elementor-widget elementor-widget-titolo-e-testo\" data-id=\"1014e31\" data-element_type=\"widget\" data-widget_type=\"titolo-e-testo.default\">\n\t\t\t\t<div class=\"elementor-widget-container\">\n\t\t\t<div class=\"titolo-e-testo\"><div class=\"text__container\"><div class=\"text\" style=\"\"><p><strong>Les nouveaux parents en voyage<\/strong><\/p><p>Lorsqu\u2019on devient parent, la fa\u00e7on de voyager change et il faut s\u2019habituer \u00e0 s\u2019organiser avec ses petits. Pour tous les p\u00e8res et m\u00e8res en voyage, il y a une premi\u00e8re fois.<\/p><p>\u00a0<\/p><p><em>Quels conseils les deux experts estiment-ils pouvoir donner ?<\/em><\/p><p>\u00ab C\u2019est simple : ce que nous ressentons et faisons est le meilleur exemple que nous puissions donner \u00e0 nos enfants. Si nous sommes calmes et sereins, ils le seront aussi. Notre attitude envers les voyages influencera grandement leur comportement.<\/p><p>Un autre conseil que je voudrais donner \u00e0 ceux qui voyagent avec des enfants en bas \u00e2ge est d'utiliser le porte-b\u00e9b\u00e9 \u2013 la bande en tissu ou poche porte-b\u00e9b\u00e9 - en faisant attention \u00e0 en choisir un ergonomique qui permette un contact de poitrine avec maman et papa, et non face au monde.<\/p><p>Les bons supports sont les alli\u00e9s des parents voyageurs, ils \u00e9vitent de transporter du mat\u00e9riel encombrant comme une poussette, ils permettent \u00e0 l'enfant de se sentir tr\u00e8s proche du parent et donc de le rassurer.<\/p><p><strong>Voyagez l\u00e9ger<\/strong> : les enfants n\u2019ont pas besoin de beaucoup de choses. Nous voyons souvent des m\u00e8res et des p\u00e8res avec des sacs \u00e9normes et fatiguants \u00e0 transporter. Facilitons-nous la vie : nous avons chang\u00e9 de couches \u00e0 notre enfant dans n'importe quelle situation, sans aucun probl\u00e8me.<\/p><p>En g\u00e9n\u00e9ral, l'exp\u00e9rience nous am\u00e8ne \u00e0 dire que si les enfants s'habituent d\u00e8s leur plus jeune \u00e2ge \u00e0 voyager, tout sera beaucoup plus simple. Ils deviendront beaucoup plus autonomes et s\u2019adapteront facilement \u00e0 tout nouveau contexte.<\/p><p>Et ce sont eux qui apprennent aux parents \u00e0 vivre le voyage diff\u00e9remment et \u00e0 \u00eatre plus conscients.\u00bb<\/p><\/div><\/div><\/div>\t\t<\/div>\n\t\t\t\t<\/div>\n\t\t\t\t\t<\/div>\n\t\t<\/div>\n\t\t\t\t\t\t\t<\/div>\n\t\t<\/section>\n\t\t\t\t<section class=\"elementor-section elementor-top-section elementor-element elementor-element-093272b elementor-section-boxed elementor-section-height-default elementor-section-height-default\" data-id=\"093272b\" data-element_type=\"section\">\n\t\t\t\t\t\t<div class=\"elementor-container elementor-column-gap-default\">\n\t\t\t\t\t<div class=\"elementor-column elementor-col-100 elementor-top-column elementor-element elementor-element-4eafbf3\" data-id=\"4eafbf3\" data-element_type=\"column\">\n\t\t\t<div class=\"elementor-widget-wrap elementor-element-populated\">\n\t\t\t\t\t\t\t\t<div class=\"elementor-element elementor-element-be55d9f elementor-widget elementor-widget-image\" data-id=\"be55d9f\" data-element_type=\"widget\" data-widget_type=\"image.default\">\n\t\t\t\t<div class=\"elementor-widget-container\">\n\t\t\t\t\t\t\t\t\t\t\t\t\t\t\t<img decoding=\"async\" src=\"https:\/\/www.primigi.it\/wp-content\/uploads\/elementor\/thumbs\/unnamed-3-qgzjuwkaugm2bz1jlg7rjyyaz5c54kapfscte8fql4.jpg\" title=\"unnamed-3\" alt=\"unnamed-3\" loading=\"lazy\" \/>\t\t\t\t\t\t\t\t\t\t\t\t\t\t\t<\/div>\n\t\t\t\t<\/div>\n\t\t\t\t\t<\/div>\n\t\t<\/div>\n\t\t\t\t\t\t\t<\/div>\n\t\t<\/section>\n\t\t\t\t<section class=\"elementor-section elementor-top-section elementor-element elementor-element-f1ef0b3 elementor-section-boxed elementor-section-height-default elementor-section-height-default\" data-id=\"f1ef0b3\" data-element_type=\"section\">\n\t\t\t\t\t\t<div class=\"elementor-container elementor-column-gap-default\">\n\t\t\t\t\t<div class=\"elementor-column elementor-col-100 elementor-top-column elementor-element elementor-element-6c2065a\" data-id=\"6c2065a\" data-element_type=\"column\">\n\t\t\t<div class=\"elementor-widget-wrap elementor-element-populated\">\n\t\t\t\t\t\t\t\t<div class=\"elementor-element elementor-element-cff295d elementor-widget elementor-widget-spacer\" data-id=\"cff295d\" data-element_type=\"widget\" data-widget_type=\"spacer.default\">\n\t\t\t\t<div class=\"elementor-widget-container\">\n\t\t\t\t\t<div class=\"elementor-spacer\">\n\t\t\t<div class=\"elementor-spacer-inner\"><\/div>\n\t\t<\/div>\n\t\t\t\t<\/div>\n\t\t\t\t<\/div>\n\t\t\t\t\t<\/div>\n\t\t<\/div>\n\t\t\t\t\t\t\t<\/div>\n\t\t<\/section>\n\t\t\t\t<section class=\"elementor-section elementor-top-section elementor-element elementor-element-5e816f1 elementor-section-boxed elementor-section-height-default elementor-section-height-default\" data-id=\"5e816f1\" data-element_type=\"section\">\n\t\t\t\t\t\t<div class=\"elementor-container elementor-column-gap-default\">\n\t\t\t\t\t<div class=\"elementor-column elementor-col-100 elementor-top-column elementor-element elementor-element-3b95699\" data-id=\"3b95699\" data-element_type=\"column\">\n\t\t\t<div class=\"elementor-widget-wrap elementor-element-populated\">\n\t\t\t\t\t\t\t\t<div class=\"elementor-element elementor-element-b131c5a elementor-widget elementor-widget-titolo-e-testo\" data-id=\"b131c5a\" data-element_type=\"widget\" data-widget_type=\"titolo-e-testo.default\">\n\t\t\t\t<div class=\"elementor-widget-container\">\n\t\t\t<div class=\"titolo-e-testo\"><div class=\"text__container\"><div class=\"text\" style=\"\"><p><strong>Il y a toujours une Wishlist<\/strong><\/p><p>Il suffit de parcourir le site <em>Mi prendo e mi porto via<\/em> pour avoir imm\u00e9diatement envie de faire ses valises : les destinations et les itin\u00e9raires propos\u00e9s sont si nombreux : on dirait qu'ils ont d\u00e9j\u00e0 tout vu. Mais le monde est gigantesque et l\u2019envie d\u2019explorer est infinie : <strong>o\u00f9 Elisa, Luca et Manina aimeraient-ils aller en 2024?<\/strong><\/p><p>\u00ab Nous avons une destination en t\u00eate mais le voyage n\u2019a pas encore pris forme.<\/p><p>Une chose est s\u00fbre : m\u00eame en 2024, nous aimerions faire ce que nous avons fait au cours des deux derni\u00e8res ann\u00e9es, c'est-\u00e0-dire r\u00e9server les mois d'\u00e9t\u00e9 pour un long voyage avec notre fils, prendre un moment en famille et partir en voyage.<\/p><p>Voyage d'au moins deux mois. En 2022, nous avons fait le tour du monde : nous sommes partis de Malaisie, en passant par le Vietnam, l'Australie, Hawa\u00ef et le Danemark avant de rentrer chez nous.<\/p><p>Mais l'ann\u00e9e derni\u00e8re, c'\u00e9tait au tour de l'Am\u00e9rique latine : Panama, Colombie, Chili et \u00cele de P\u00e2ques, pour conclure en Bolivie dans le spectaculaire Salar d'Uyuni.<\/p><p>Cette ann\u00e9e, nous aimerions explorer l'Asie et nous aventurer dans un grand voyage jamais fait auparavant.<\/p><p>Mais je n'entrerai pas dans les d\u00e9tails : nous vous d\u00e9voilerons les d\u00e9tails plus tard, petit \u00e0 petit, <a href=\"https:\/\/www.instagram.com\/miprendoemiportovia\"><strong>sur notre compte Instagram!<\/strong><\/a><\/p><\/div><\/div><\/div>\t\t<\/div>\n\t\t\t\t<\/div>\n\t\t\t\t\t<\/div>\n\t\t<\/div>\n\t\t\t\t\t\t\t<\/div>\n\t\t<\/section>\n\t\t\t\t<section class=\"elementor-section elementor-top-section elementor-element elementor-element-39630e6 elementor-section-boxed elementor-section-height-default elementor-section-height-default\" data-id=\"39630e6\" data-element_type=\"section\">\n\t\t\t\t\t\t<div class=\"elementor-container elementor-column-gap-default\">\n\t\t\t\t\t<div class=\"elementor-column elementor-col-100 elementor-top-column elementor-element elementor-element-351bde1\" data-id=\"351bde1\" data-element_type=\"column\">\n\t\t\t<div class=\"elementor-widget-wrap elementor-element-populated\">\n\t\t\t\t\t\t\t\t<div class=\"elementor-element elementor-element-3d180c6 elementor-widget elementor-widget-image\" data-id=\"3d180c6\" data-element_type=\"widget\" data-widget_type=\"image.default\">\n\t\t\t\t<div class=\"elementor-widget-container\">\n\t\t\t\t\t\t\t\t\t\t\t\t\t\t\t<img decoding=\"async\" src=\"https:\/\/www.primigi.it\/wp-content\/uploads\/elementor\/thumbs\/unnamed-1-qgzjuuogdinlh3or65shz0jm52c2hxxdqi3bsi8ay8.jpg\" title=\"unnamed-1\" alt=\"unnamed-1\" loading=\"lazy\" \/>\t\t\t\t\t\t\t\t\t\t\t\t\t\t\t<\/div>\n\t\t\t\t<\/div>\n\t\t\t\t\t<\/div>\n\t\t<\/div>\n\t\t\t\t\t\t\t<\/div>\n\t\t<\/section>\n\t\t\t\t<section class=\"elementor-section elementor-top-section elementor-element elementor-element-9b4889d elementor-section-boxed elementor-section-height-default elementor-section-height-default\" data-id=\"9b4889d\" data-element_type=\"section\">\n\t\t\t\t\t\t<div class=\"elementor-container elementor-column-gap-default\">\n\t\t\t\t\t<div class=\"elementor-column elementor-col-100 elementor-top-column elementor-element elementor-element-4e2a350\" data-id=\"4e2a350\" data-element_type=\"column\">\n\t\t\t<div class=\"elementor-widget-wrap elementor-element-populated\">\n\t\t\t\t\t\t\t\t<div class=\"elementor-element elementor-element-a95e0d2 elementor-widget elementor-widget-spacer\" data-id=\"a95e0d2\" data-element_type=\"widget\" data-widget_type=\"spacer.default\">\n\t\t\t\t<div class=\"elementor-widget-container\">\n\t\t\t\t\t<div class=\"elementor-spacer\">\n\t\t\t<div class=\"elementor-spacer-inner\"><\/div>\n\t\t<\/div>\n\t\t\t\t<\/div>\n\t\t\t\t<\/div>\n\t\t\t\t\t<\/div>\n\t\t<\/div>\n\t\t\t\t\t\t\t<\/div>\n\t\t<\/section>\n\t\t\t\t<section class=\"elementor-section elementor-top-section elementor-element elementor-element-2e30800 elementor-section-boxed elementor-section-height-default elementor-section-height-default\" data-id=\"2e30800\" data-element_type=\"section\">\n\t\t\t\t\t\t<div class=\"elementor-container elementor-column-gap-default\">\n\t\t\t\t\t<div class=\"elementor-column elementor-col-100 elementor-top-column elementor-element elementor-element-25c4f0f\" data-id=\"25c4f0f\" data-element_type=\"column\">\n\t\t\t<div class=\"elementor-widget-wrap elementor-element-populated\">\n\t\t\t\t\t\t\t\t<div class=\"elementor-element elementor-element-e3e491d elementor-widget elementor-widget-titolo-e-testo\" data-id=\"e3e491d\" data-element_type=\"widget\" data-widget_type=\"titolo-e-testo.default\">\n\t\t\t\t<div class=\"elementor-widget-container\">\n\t\t\t<div class=\"titolo-e-testo\"><div class=\"text__container\"><div class=\"text\" style=\"\"><p><strong>Dans la valise des petits explorateurs du monde<\/strong><\/p><p>Mettons quelques belles sorties, voyages et excursions \u00e0 la liste des <strong>bonnes r\u00e9solutions pour la nouvelle ann\u00e9e<\/strong>. Des moments de d\u00e9couverte et de plaisir \u00e0 vivre ensemble et \u00e0 attendre d\u00e8s maintenant, d\u00e9finir des destinations, tracer des itin\u00e9raires, fantastiquer des id\u00e9es et des itin\u00e9raires de visites. On prend aussi le temps de bien choisir les v\u00eatements qui iront dans notre valise : nous voulons qu'ils soient confortables et soign\u00e9s, adapt\u00e9s aussi bien \u00e0 une visite dans un mus\u00e9e qu'\u00e0 une course dans un parc.<\/p><p>La destination id\u00e9ale pour cette recherche est la <a href=\"http:\/\/www.primigi.com\"><strong>boutique Primigi<\/strong> <\/a>: des v\u00eatements aux chaussures, tout est de qualit\u00e9 et con\u00e7u pour offrir aux gar\u00e7ons et aux filles des moments de bonheur, de loisirs et de d\u00e9couvertes, avec style!<\/p><\/div><\/div><\/div>\t\t<\/div>\n\t\t\t\t<\/div>\n\t\t\t\t\t<\/div>\n\t\t<\/div>\n\t\t\t\t\t\t\t<\/div>\n\t\t<\/section>\n\t\t\t\t<section class=\"elementor-section elementor-top-section elementor-element elementor-element-ca9992f elementor-section-boxed elementor-section-height-default elementor-section-height-default\" data-id=\"ca9992f\" data-element_type=\"section\">\n\t\t\t\t\t\t<div class=\"elementor-container elementor-column-gap-default\">\n\t\t\t\t\t<div class=\"elementor-column elementor-col-100 elementor-top-column elementor-element elementor-element-309682b\" data-id=\"309682b\" data-element_type=\"column\">\n\t\t\t<div class=\"elementor-widget-wrap elementor-element-populated\">\n\t\t\t\t\t\t\t\t<div class=\"elementor-element elementor-element-6cd8752 elementor-widget elementor-widget-titolo-e-testo\" data-id=\"6cd8752\" data-element_type=\"widget\" data-widget_type=\"titolo-e-testo.default\">\n\t\t\t\t<div class=\"elementor-widget-container\">\n\t\t\t<div class=\"titolo-e-testo\"><div class=\"text__container\"><div class=\"text\" style=\"\"><p><strong>**Article r\u00e9dig\u00e9 en collaboration avec <a href=\"https:\/\/www.giovanigenitori.it\/\" rel=\"alternate\">Giovani Genitori<\/a><\/strong><\/p><\/div><\/div><\/div>\t\t<\/div>\n\t\t\t\t<\/div>\n\t\t\t\t\t<\/div>\n\t\t<\/div>\n\t\t\t\t\t\t\t<\/div>\n\t\t<\/section>\n\t\t\t\t\t\t\t<\/div>\n\t\t","protected":false},"excerpt":{"rendered":"<p>Parents, voyageurs, blogueurs : Elisa et Luca nous racontent leur vie li\u00e9e au travail et leurs voyages f\u00e9eriques, accompagn\u00e9s de leur enfant \u00a0 Est-il possible pour un couple de voyageurs inv\u00e9t\u00e9r\u00e9s de faire de leur vie un voyage sans fin ? Oui, et c&rsquo;est ce qu&rsquo;ont r\u00e9ussi \u00e0 faire Elisa et Luca, fondateurs de l&rsquo;un &hellip;<\/p>\n<p class=\"read-more\"> <a class=\"\" href=\"https:\/\/www.primigi.it\/fr\/tu-sais-maman\/voyager-ensemble\/mi-prendo-e-mi-porto-via-parents-voyageurs-blogueurs\/\"> <span class=\"screen-reader-text\">Mi prendo e mi porto via: Parents Voyageurs Blogueurs<\/span> Lire la suite \u00bb<\/a><\/p>\n","protected":false},"author":7,"featured_media":26644,"comment_status":"open","ping_status":"open","sticky":false,"template":"","format":"standard","meta":{"site-sidebar-layout":"default","site-content-layout":"default","ast-global-header-display":"","ast-banner-title-visibility":"","ast-main-header-display":"","ast-hfb-above-header-display":"","ast-hfb-below-header-display":"","ast-hfb-mobile-header-display":"","site-post-title":"","ast-breadcrumbs-content":"","ast-featured-img":"","footer-sml-layout":"","theme-transparent-header-meta":"default","adv-header-id-meta":"","stick-header-meta":"","header-above-stick-meta":"","header-main-stick-meta":"","header-below-stick-meta":""},"categories":[116],"tags":[],"acf":[],"yoast_head":"<!-- This site is optimized with the Yoast SEO plugin v20.11 - https:\/\/yoast.com\/wordpress\/plugins\/seo\/ -->\n<title>Mi prendo e mi porto via: Parents Voyageurs Blogueurs - Primigi<\/title>\n<meta name=\"description\" content=\"Elisa et Luca nous racontent leur vie de parents entrem\u00eal\u00e9s au travail et \u00e0 leurs voyages de conte de f\u00e9es, b\u00e9b\u00e9 \u00e0 la remorque.\" \/>\n<meta name=\"robots\" content=\"index, follow, max-snippet:-1, max-image-preview:large, max-video-preview:-1\" \/>\n<link rel=\"canonical\" href=\"https:\/\/www.primigi.it\/fr\/tu-sais-maman\/voyager-ensemble\/mi-prendo-e-mi-porto-via-parents-voyageurs-blogueurs\/\" \/>\n<meta property=\"og:locale\" content=\"fr_FR\" \/>\n<meta property=\"og:type\" content=\"article\" \/>\n<meta property=\"og:title\" content=\"Mi prendo e mi porto via: Parents Voyageurs Blogueurs - Primigi\" \/>\n<meta property=\"og:description\" content=\"Elisa et Luca nous racontent leur vie de parents entrem\u00eal\u00e9s au travail et \u00e0 leurs voyages de conte de f\u00e9es, b\u00e9b\u00e9 \u00e0 la remorque.\" \/>\n<meta property=\"og:url\" content=\"https:\/\/www.primigi.it\/fr\/tu-sais-maman\/voyager-ensemble\/mi-prendo-e-mi-porto-via-parents-voyageurs-blogueurs\/\" \/>\n<meta property=\"og:site_name\" content=\"Primigi\" \/>\n<meta property=\"article:published_time\" content=\"2023-12-18T11:14:08+00:00\" \/>\n<meta property=\"article:modified_time\" content=\"2023-12-18T15:25:33+00:00\" \/>\n<meta property=\"og:image\" content=\"https:\/\/www.primigi.it\/wp-content\/uploads\/2023\/12\/apertura.jpg\" \/>\n\t<meta property=\"og:image:width\" content=\"1620\" \/>\n\t<meta property=\"og:image:height\" content=\"1080\" \/>\n\t<meta property=\"og:image:type\" content=\"image\/jpeg\" \/>\n<meta name=\"author\" content=\"Serena Costantini\" \/>\n<meta name=\"twitter:card\" content=\"summary_large_image\" \/>\n<meta name=\"twitter:label1\" content=\"\u00c9crit par\" \/>\n\t<meta name=\"twitter:data1\" content=\"Serena Costantini\" \/>\n\t<meta name=\"twitter:label2\" content=\"Dur\u00e9e de lecture estim\u00e9e\" \/>\n\t<meta name=\"twitter:data2\" content=\"8 minutes\" \/>\n<script type=\"application\/ld+json\" class=\"yoast-schema-graph\">{\"@context\":\"https:\/\/schema.org\",\"@graph\":[{\"@type\":\"Article\",\"@id\":\"https:\/\/www.primigi.it\/fr\/tu-sais-maman\/voyager-ensemble\/mi-prendo-e-mi-porto-via-parents-voyageurs-blogueurs\/#article\",\"isPartOf\":{\"@id\":\"https:\/\/www.primigi.it\/fr\/tu-sais-maman\/voyager-ensemble\/mi-prendo-e-mi-porto-via-parents-voyageurs-blogueurs\/\"},\"author\":{\"name\":\"Serena Costantini\",\"@id\":\"https:\/\/www.primigi.it\/fr\/#\/schema\/person\/e1dccba784936595bc1877e8b91d7ff0\"},\"headline\":\"Mi prendo e mi porto via: Parents Voyageurs Blogueurs\",\"datePublished\":\"2023-12-18T11:14:08+00:00\",\"dateModified\":\"2023-12-18T15:25:33+00:00\",\"mainEntityOfPage\":{\"@id\":\"https:\/\/www.primigi.it\/fr\/tu-sais-maman\/voyager-ensemble\/mi-prendo-e-mi-porto-via-parents-voyageurs-blogueurs\/\"},\"wordCount\":1436,\"commentCount\":0,\"publisher\":{\"@id\":\"https:\/\/www.primigi.it\/fr\/#organization\"},\"articleSection\":[\"Voyager ensemble\"],\"inLanguage\":\"fr-FR\",\"potentialAction\":[{\"@type\":\"CommentAction\",\"name\":\"Comment\",\"target\":[\"https:\/\/www.primigi.it\/fr\/tu-sais-maman\/voyager-ensemble\/mi-prendo-e-mi-porto-via-parents-voyageurs-blogueurs\/#respond\"]}]},{\"@type\":\"WebPage\",\"@id\":\"https:\/\/www.primigi.it\/fr\/tu-sais-maman\/voyager-ensemble\/mi-prendo-e-mi-porto-via-parents-voyageurs-blogueurs\/\",\"url\":\"https:\/\/www.primigi.it\/fr\/tu-sais-maman\/voyager-ensemble\/mi-prendo-e-mi-porto-via-parents-voyageurs-blogueurs\/\",\"name\":\"Mi prendo e mi porto via: Parents Voyageurs Blogueurs - Primigi\",\"isPartOf\":{\"@id\":\"https:\/\/www.primigi.it\/fr\/#website\"},\"datePublished\":\"2023-12-18T11:14:08+00:00\",\"dateModified\":\"2023-12-18T15:25:33+00:00\",\"description\":\"Elisa et Luca nous racontent leur vie de parents entrem\u00eal\u00e9s au travail et \u00e0 leurs voyages de conte de f\u00e9es, b\u00e9b\u00e9 \u00e0 la remorque.\",\"breadcrumb\":{\"@id\":\"https:\/\/www.primigi.it\/fr\/tu-sais-maman\/voyager-ensemble\/mi-prendo-e-mi-porto-via-parents-voyageurs-blogueurs\/#breadcrumb\"},\"inLanguage\":\"fr-FR\",\"potentialAction\":[{\"@type\":\"ReadAction\",\"target\":[\"https:\/\/www.primigi.it\/fr\/tu-sais-maman\/voyager-ensemble\/mi-prendo-e-mi-porto-via-parents-voyageurs-blogueurs\/\"]}]},{\"@type\":\"BreadcrumbList\",\"@id\":\"https:\/\/www.primigi.it\/fr\/tu-sais-maman\/voyager-ensemble\/mi-prendo-e-mi-porto-via-parents-voyageurs-blogueurs\/#breadcrumb\",\"itemListElement\":[{\"@type\":\"ListItem\",\"position\":1,\"name\":\"Home\",\"item\":\"https:\/\/www.primigi.it\/fr\/\"},{\"@type\":\"ListItem\",\"position\":2,\"name\":\"Mi prendo e mi porto via: Parents Voyageurs Blogueurs\"}]},{\"@type\":\"WebSite\",\"@id\":\"https:\/\/www.primigi.it\/fr\/#website\",\"url\":\"https:\/\/www.primigi.it\/fr\/\",\"name\":\"Primigi\",\"description\":\"Scarpe e abbigliamento per bambino e bambina\",\"publisher\":{\"@id\":\"https:\/\/www.primigi.it\/fr\/#organization\"},\"potentialAction\":[{\"@type\":\"SearchAction\",\"target\":{\"@type\":\"EntryPoint\",\"urlTemplate\":\"https:\/\/www.primigi.it\/fr\/?s={search_term_string}\"},\"query-input\":\"required name=search_term_string\"}],\"inLanguage\":\"fr-FR\"},{\"@type\":\"Organization\",\"@id\":\"https:\/\/www.primigi.it\/fr\/#organization\",\"name\":\"Primigi\",\"url\":\"https:\/\/www.primigi.it\/fr\/\",\"logo\":{\"@type\":\"ImageObject\",\"inLanguage\":\"fr-FR\",\"@id\":\"https:\/\/www.primigi.it\/fr\/#\/schema\/logo\/image\/\",\"url\":\"https:\/\/www.primigi.it\/wp-content\/uploads\/2023\/03\/cropped-Primigi_logo50_vert-200.png\",\"contentUrl\":\"https:\/\/www.primigi.it\/wp-content\/uploads\/2023\/03\/cropped-Primigi_logo50_vert-200.png\",\"width\":200,\"height\":208,\"caption\":\"Primigi\"},\"image\":{\"@id\":\"https:\/\/www.primigi.it\/fr\/#\/schema\/logo\/image\/\"}},{\"@type\":\"Person\",\"@id\":\"https:\/\/www.primigi.it\/fr\/#\/schema\/person\/e1dccba784936595bc1877e8b91d7ff0\",\"name\":\"Serena Costantini\",\"image\":{\"@type\":\"ImageObject\",\"inLanguage\":\"fr-FR\",\"@id\":\"https:\/\/www.primigi.it\/fr\/#\/schema\/person\/image\/\",\"url\":\"https:\/\/www.primigi.it\/wp-content\/litespeed\/avatar\/3621a416397811de448482ac54522ce3.jpg?ver=1777554776\",\"contentUrl\":\"https:\/\/www.primigi.it\/wp-content\/litespeed\/avatar\/3621a416397811de448482ac54522ce3.jpg?ver=1777554776\",\"caption\":\"Serena Costantini\"}}]}<\/script>\n<!-- \/ Yoast SEO plugin. -->","yoast_head_json":{"title":"Mi prendo e mi porto via: Parents Voyageurs Blogueurs - Primigi","description":"Elisa et Luca nous racontent leur vie de parents entrem\u00eal\u00e9s au travail et \u00e0 leurs voyages de conte de f\u00e9es, b\u00e9b\u00e9 \u00e0 la remorque.","robots":{"index":"index","follow":"follow","max-snippet":"max-snippet:-1","max-image-preview":"max-image-preview:large","max-video-preview":"max-video-preview:-1"},"canonical":"https:\/\/www.primigi.it\/fr\/tu-sais-maman\/voyager-ensemble\/mi-prendo-e-mi-porto-via-parents-voyageurs-blogueurs\/","og_locale":"fr_FR","og_type":"article","og_title":"Mi prendo e mi porto via: Parents Voyageurs Blogueurs - Primigi","og_description":"Elisa et Luca nous racontent leur vie de parents entrem\u00eal\u00e9s au travail et \u00e0 leurs voyages de conte de f\u00e9es, b\u00e9b\u00e9 \u00e0 la remorque.","og_url":"https:\/\/www.primigi.it\/fr\/tu-sais-maman\/voyager-ensemble\/mi-prendo-e-mi-porto-via-parents-voyageurs-blogueurs\/","og_site_name":"Primigi","article_published_time":"2023-12-18T11:14:08+00:00","article_modified_time":"2023-12-18T15:25:33+00:00","og_image":[{"width":1620,"height":1080,"url":"https:\/\/www.primigi.it\/wp-content\/uploads\/2023\/12\/apertura.jpg","type":"image\/jpeg"}],"author":"Serena Costantini","twitter_card":"summary_large_image","twitter_misc":{"\u00c9crit par":"Serena Costantini","Dur\u00e9e de lecture estim\u00e9e":"8 minutes"},"schema":{"@context":"https:\/\/schema.org","@graph":[{"@type":"Article","@id":"https:\/\/www.primigi.it\/fr\/tu-sais-maman\/voyager-ensemble\/mi-prendo-e-mi-porto-via-parents-voyageurs-blogueurs\/#article","isPartOf":{"@id":"https:\/\/www.primigi.it\/fr\/tu-sais-maman\/voyager-ensemble\/mi-prendo-e-mi-porto-via-parents-voyageurs-blogueurs\/"},"author":{"name":"Serena Costantini","@id":"https:\/\/www.primigi.it\/fr\/#\/schema\/person\/e1dccba784936595bc1877e8b91d7ff0"},"headline":"Mi prendo e mi porto via: Parents Voyageurs Blogueurs","datePublished":"2023-12-18T11:14:08+00:00","dateModified":"2023-12-18T15:25:33+00:00","mainEntityOfPage":{"@id":"https:\/\/www.primigi.it\/fr\/tu-sais-maman\/voyager-ensemble\/mi-prendo-e-mi-porto-via-parents-voyageurs-blogueurs\/"},"wordCount":1436,"commentCount":0,"publisher":{"@id":"https:\/\/www.primigi.it\/fr\/#organization"},"articleSection":["Voyager ensemble"],"inLanguage":"fr-FR","potentialAction":[{"@type":"CommentAction","name":"Comment","target":["https:\/\/www.primigi.it\/fr\/tu-sais-maman\/voyager-ensemble\/mi-prendo-e-mi-porto-via-parents-voyageurs-blogueurs\/#respond"]}]},{"@type":"WebPage","@id":"https:\/\/www.primigi.it\/fr\/tu-sais-maman\/voyager-ensemble\/mi-prendo-e-mi-porto-via-parents-voyageurs-blogueurs\/","url":"https:\/\/www.primigi.it\/fr\/tu-sais-maman\/voyager-ensemble\/mi-prendo-e-mi-porto-via-parents-voyageurs-blogueurs\/","name":"Mi prendo e mi porto via: Parents Voyageurs Blogueurs - Primigi","isPartOf":{"@id":"https:\/\/www.primigi.it\/fr\/#website"},"datePublished":"2023-12-18T11:14:08+00:00","dateModified":"2023-12-18T15:25:33+00:00","description":"Elisa et Luca nous racontent leur vie de parents entrem\u00eal\u00e9s au travail et \u00e0 leurs voyages de conte de f\u00e9es, b\u00e9b\u00e9 \u00e0 la remorque.","breadcrumb":{"@id":"https:\/\/www.primigi.it\/fr\/tu-sais-maman\/voyager-ensemble\/mi-prendo-e-mi-porto-via-parents-voyageurs-blogueurs\/#breadcrumb"},"inLanguage":"fr-FR","potentialAction":[{"@type":"ReadAction","target":["https:\/\/www.primigi.it\/fr\/tu-sais-maman\/voyager-ensemble\/mi-prendo-e-mi-porto-via-parents-voyageurs-blogueurs\/"]}]},{"@type":"BreadcrumbList","@id":"https:\/\/www.primigi.it\/fr\/tu-sais-maman\/voyager-ensemble\/mi-prendo-e-mi-porto-via-parents-voyageurs-blogueurs\/#breadcrumb","itemListElement":[{"@type":"ListItem","position":1,"name":"Home","item":"https:\/\/www.primigi.it\/fr\/"},{"@type":"ListItem","position":2,"name":"Mi prendo e mi porto via: Parents Voyageurs Blogueurs"}]},{"@type":"WebSite","@id":"https:\/\/www.primigi.it\/fr\/#website","url":"https:\/\/www.primigi.it\/fr\/","name":"Primigi","description":"Scarpe e abbigliamento per bambino e bambina","publisher":{"@id":"https:\/\/www.primigi.it\/fr\/#organization"},"potentialAction":[{"@type":"SearchAction","target":{"@type":"EntryPoint","urlTemplate":"https:\/\/www.primigi.it\/fr\/?s={search_term_string}"},"query-input":"required name=search_term_string"}],"inLanguage":"fr-FR"},{"@type":"Organization","@id":"https:\/\/www.primigi.it\/fr\/#organization","name":"Primigi","url":"https:\/\/www.primigi.it\/fr\/","logo":{"@type":"ImageObject","inLanguage":"fr-FR","@id":"https:\/\/www.primigi.it\/fr\/#\/schema\/logo\/image\/","url":"https:\/\/www.primigi.it\/wp-content\/uploads\/2023\/03\/cropped-Primigi_logo50_vert-200.png","contentUrl":"https:\/\/www.primigi.it\/wp-content\/uploads\/2023\/03\/cropped-Primigi_logo50_vert-200.png","width":200,"height":208,"caption":"Primigi"},"image":{"@id":"https:\/\/www.primigi.it\/fr\/#\/schema\/logo\/image\/"}},{"@type":"Person","@id":"https:\/\/www.primigi.it\/fr\/#\/schema\/person\/e1dccba784936595bc1877e8b91d7ff0","name":"Serena Costantini","image":{"@type":"ImageObject","inLanguage":"fr-FR","@id":"https:\/\/www.primigi.it\/fr\/#\/schema\/person\/image\/","url":"https:\/\/www.primigi.it\/wp-content\/litespeed\/avatar\/3621a416397811de448482ac54522ce3.jpg?ver=1777554776","contentUrl":"https:\/\/www.primigi.it\/wp-content\/litespeed\/avatar\/3621a416397811de448482ac54522ce3.jpg?ver=1777554776","caption":"Serena Costantini"}}]}},"wpml_current_locale":"fr_FR","wpml_translations":{"it_IT":{"locale":"it_IT","id":26611,"slug":"mi-prendo-mi-porto-via-genitori-viaggiatori-blogger","post_title":"Mi prendo e mi porto via: Genitori, viaggiatori, blogger","href":"https:\/\/www.primigi.it\/mi-prendo-mi-porto-via-genitori-viaggiatori-blogger\/"},"en_US":{"locale":"en_US","id":26708,"slug":"ich-raffe-mich-auf-und-nehme-mit-eltern-reisende-blogger","post_title":"Mi prendo e mi porto via: Parents Travelers Bloggers","href":"https:\/\/www.primigi.it\/en\/mum-do-you-know\/travelling-together\/ich-raffe-mich-auf-und-nehme-mit-eltern-reisende-blogger\/"},"de_DE":{"locale":"de_DE","id":26722,"slug":"mi-prendo-e-mi-porto-via-eltern-reisende-blogger","post_title":"Mi prendo e mi porto via: Eltern, Reisende, Blogger","href":"https:\/\/www.primigi.it\/de\/mama-du-weisst-dass\/gemeinsam-reisen\/mi-prendo-e-mi-porto-via-eltern-reisende-blogger\/"},"ru_RU":{"locale":"ru_RU","id":26726,"slug":"mi-prendo-e-mi-porto-via-%d1%80%d0%be%d0%b4%d0%b8%d1%82%d0%b5%d0%bb%d0%b8-%d0%bf%d1%83%d1%82%d0%b5%d1%88%d0%b5%d1%81%d1%82%d0%b2%d0%b5%d0%bd%d0%bd%d0%b8%d0%ba%d0%b8-%d0%b1%d0%bb%d0%be%d0%b3%d0%b5","post_title":"Mi prendo e mi porto via: \u0420\u043e\u0434\u0438\u0442\u0435\u043b\u0438, \u043f\u0443\u0442\u0435\u0448\u0435\u0441\u0442\u0432\u0435\u043d\u043d\u0438\u043a\u0438, \u0431\u043b\u043e\u0433\u0435\u0440\u044b","href":"https:\/\/www.primigi.it\/ru\/%D0%BC%D0%B0%D0%BC%D0%B0-%D1%82%D1%8B-%D0%B7%D0%BD%D0%B0%D0%B5%D1%88%D1%8C-%D1%87%D1%82%D0%BE\/%D0%BF%D1%83%D1%82%D0%B5%D1%88%D0%B5%D1%81%D1%82%D0%B2%D1%83%D0%B9%D1%82%D0%B5-%D0%B2%D0%BC%D0%B5%D1%81%D1%82%D0%B5\/mi-prendo-e-mi-porto-via-%D1%80%D0%BE%D0%B4%D0%B8%D1%82%D0%B5%D0%BB%D0%B8-%D0%BF%D1%83%D1%82%D0%B5%D1%88%D0%B5%D1%81%D1%82%D0%B2%D0%B5%D0%BD%D0%BD%D0%B8%D0%BA%D0%B8-%D0%B1%D0%BB%D0%BE%D0%B3%D0%B5\/"},"es_ES":{"locale":"es_ES","id":26730,"slug":"mi-prendo-e-mi-porto-via-padres-viajeros-blogueros","post_title":"Mi prendo e mi porto via: Padres, Viajeros, Blogueros","href":"https:\/\/www.primigi.it\/es\/mama-lo-sabes\/viajar-juntas\/mi-prendo-e-mi-porto-via-padres-viajeros-blogueros\/"}},"_links":{"self":[{"href":"https:\/\/www.primigi.it\/fr\/wp-json\/wp\/v2\/posts\/26716"}],"collection":[{"href":"https:\/\/www.primigi.it\/fr\/wp-json\/wp\/v2\/posts"}],"about":[{"href":"https:\/\/www.primigi.it\/fr\/wp-json\/wp\/v2\/types\/post"}],"author":[{"embeddable":true,"href":"https:\/\/www.primigi.it\/fr\/wp-json\/wp\/v2\/users\/7"}],"replies":[{"embeddable":true,"href":"https:\/\/www.primigi.it\/fr\/wp-json\/wp\/v2\/comments?post=26716"}],"version-history":[{"count":34,"href":"https:\/\/www.primigi.it\/fr\/wp-json\/wp\/v2\/posts\/26716\/revisions"}],"predecessor-version":[{"id":26791,"href":"https:\/\/www.primigi.it\/fr\/wp-json\/wp\/v2\/posts\/26716\/revisions\/26791"}],"wp:featuredmedia":[{"embeddable":true,"href":"https:\/\/www.primigi.it\/fr\/wp-json\/wp\/v2\/media\/26644"}],"wp:attachment":[{"href":"https:\/\/www.primigi.it\/fr\/wp-json\/wp\/v2\/media?parent=26716"}],"wp:term":[{"taxonomy":"category","embeddable":true,"href":"https:\/\/www.primigi.it\/fr\/wp-json\/wp\/v2\/categories?post=26716"},{"taxonomy":"post_tag","embeddable":true,"href":"https:\/\/www.primigi.it\/fr\/wp-json\/wp\/v2\/tags?post=26716"}],"curies":[{"name":"wp","href":"https:\/\/api.w.org\/{rel}","templated":true}]}}