{"id":10294,"date":"2013-09-06T14:34:02","date_gmt":"2013-09-06T12:34:02","guid":{"rendered":"http:\/\/wp.primigi.it\/avec-les-pieds-par-terre\/"},"modified":"2023-05-03T17:23:12","modified_gmt":"2023-05-03T15:23:12","slug":"avec-les-pieds-par-terre","status":"publish","type":"post","link":"https:\/\/www.primigi.it\/fr\/tu-sais-maman\/devenir-grands\/avec-les-pieds-par-terre\/","title":{"rendered":"Avec les pieds par terre"},"content":{"rendered":"\t\t<div data-elementor-type=\"wp-post\" data-elementor-id=\"10294\" class=\"elementor elementor-10294 elementor-9089\" data-elementor-post-type=\"post\">\n\t\t\t\t\t\t\t\t\t<section class=\"elementor-section elementor-top-section elementor-element elementor-element-c993a39 elementor-section-boxed elementor-section-height-default elementor-section-height-default\" data-id=\"c993a39\" data-element_type=\"section\">\n\t\t\t\t\t\t<div class=\"elementor-container elementor-column-gap-default\">\n\t\t\t\t\t<div class=\"elementor-column elementor-col-100 elementor-top-column elementor-element elementor-element-47dae01\" data-id=\"47dae01\" data-element_type=\"column\">\n\t\t\t<div class=\"elementor-widget-wrap elementor-element-populated\">\n\t\t\t\t\t\t\t\t<div class=\"elementor-element elementor-element-3b8a9d6 elementor-widget elementor-widget-titolo-e-testo\" data-id=\"3b8a9d6\" data-element_type=\"widget\" data-widget_type=\"titolo-e-testo.default\">\n\t\t\t\t<div class=\"elementor-widget-container\">\n\t\t\t<div class=\"titolo-e-testo\"><div class=\"title__container\"><H3 class=\"title\" style=\"\">L'importance des pieds et leur d\u00e9veloppement<\/H3><\/div><div class=\"text__container\"><div class=\"text\" style=\"\"><p>Le pied a une fonction de soutien et de mouvement de notre corps : il reconna\u00eet le terrain sur lequel il repose, s'y adapte, en amortissant ses irr\u00e9gularit\u00e9s, et consent, gr\u00e2ce \u00e0 l'ondulation rythmique du poids qui passe d'un membre \u00e0 l'autre, la position debout et la marche.<br \/>La premi\u00e8re \u00e9bauche de membre inf\u00e9rieur appara\u00eet comme une petite \u00e9version chez l'embryon, vers la 4\u00b0 semaine de vie intra-ut\u00e9rine.<br \/>\u00c0 la 9\u00b0 semaine, lorsque l'embryon a atteint une longueur d'environ 55 millim\u00e8tres les orteils sont d\u00e9j\u00e0 bien form\u00e9s.<\/p><p><br \/>C'est la p\u00e9riode la plus critique de la croissance, pendant laquelle l'embryon est plus expos\u00e9 aux dommages : la rub\u00e9ole par exemple, est une maladie virale contagieuse, qui si contract\u00e9e au cours du premier trimestre de la grossesse peut causer des graves malformations du pied.<\/p><p>Et c'est aussi pour ceci que la vaccination contre la rub\u00e9ole est tr\u00e8s importante chez les femmes d'\u00e2ge fertile.<br \/>\u00c9galement pendant cette p\u00e9riode, les rayons X peuvent \u00eatre dangereux (ne pas se soumettre \u00e0 des radiographies durant les premiers mois de la grossesse), ainsi que la pollution chimique et physique de l'environnement.<br \/><br \/>\u00c0 la naissance, le pied mesure entre 7 et 9 centim\u00e8tres, il est relativement long par rapport aux membres inf\u00e9rieurs et se pr\u00e9sente avec le bout vers le haut, posture prise pendant les derni\u00e8res semaines dans l'ut\u00e9rus de la m\u00e8re et qu'il garde ensuite quelques jours apr\u00e8s la naissance.<br \/>Le reste de la croissance qui s'ach\u00e8ve avec la fin de la croissance, pour \u00eatre correct, exige le jeu de tous les muscles qui aident \u00e9norm\u00e9ment notre squelette.<\/p><p>Pour la sant\u00e9 des pieds, il faut donc, avant tout, \u00e9viter en particulier avec les chaussures que nous utilisons toute la journ\u00e9e, d'annuler et d'inhiber la fonction des muscles des pieds.<\/p><p>\u00a0<\/p><p>Les chaussures servent pour se prot\u00e9ger du froid, de la duret\u00e9 des terrains artificiels comme le bitume, le b\u00e9ton, le sol de la maison, mais ne doivent pas enfermer le pied dans une cage rigide.<\/p><p>Au contraire, elles doivent promouvoir l'harmonie musculaire.<br \/>Lorsqu'il y a des malformations et des difformit\u00e9s, le traitement orthop\u00e9dique a justement le but de r\u00e9tablir une forme du pied qui soit compatible avec un appui garantissant un juste \u00e9quilibre musculaire, indispensable \u00e0 la position debout et \u00e0 la marche avec les pieds par terre, sans douleur et sans insuffisances fonctionnelles.<\/p><\/div><\/div><\/div>\t\t<\/div>\n\t\t\t\t<\/div>\n\t\t\t\t\t<\/div>\n\t\t<\/div>\n\t\t\t\t\t\t\t<\/div>\n\t\t<\/section>\n\t\t\t\t\t\t\t<\/div>\n\t\t","protected":false},"excerpt":{"rendered":"<p>L&rsquo;importance des pieds et leur d\u00e9veloppement Le pied a une fonction de soutien et de mouvement de notre corps : il reconna\u00eet le terrain sur lequel il repose, s&rsquo;y adapte, en amortissant ses irr\u00e9gularit\u00e9s, et consent, gr\u00e2ce \u00e0 l&rsquo;ondulation rythmique du poids qui passe d&rsquo;un membre \u00e0 l&rsquo;autre, la position debout et la marche.La premi\u00e8re &hellip;<\/p>\n<p class=\"read-more\"> <a class=\"\" href=\"https:\/\/www.primigi.it\/fr\/tu-sais-maman\/devenir-grands\/avec-les-pieds-par-terre\/\"> <span class=\"screen-reader-text\">Avec les pieds par terre<\/span> Lire la suite \u00bb<\/a><\/p>\n","protected":false},"author":4,"featured_media":9092,"comment_status":"open","ping_status":"open","sticky":false,"template":"","format":"standard","meta":{"site-sidebar-layout":"default","site-content-layout":"default","ast-global-header-display":"","ast-banner-title-visibility":"","ast-main-header-display":"","ast-hfb-above-header-display":"","ast-hfb-below-header-display":"","ast-hfb-mobile-header-display":"","site-post-title":"","ast-breadcrumbs-content":"","ast-featured-img":"","footer-sml-layout":"","theme-transparent-header-meta":"default","adv-header-id-meta":"","stick-header-meta":"","header-above-stick-meta":"","header-main-stick-meta":"","header-below-stick-meta":""},"categories":[58],"tags":[],"acf":[],"yoast_head":"<!-- This site is optimized with the Yoast SEO plugin v20.11 - https:\/\/yoast.com\/wordpress\/plugins\/seo\/ -->\n<title>Avec les pieds par terre - Primigi<\/title>\n<meta name=\"description\" content=\"Primigi - Avec les pieds par terre - L&#039;importance des pieds et leur d\u00e9veloppement : tout ce que tu as besoin de savoir. Visitez Primigi.\" \/>\n<meta name=\"robots\" content=\"index, follow, max-snippet:-1, max-image-preview:large, max-video-preview:-1\" \/>\n<link rel=\"canonical\" href=\"https:\/\/www.primigi.it\/fr\/tu-sais-maman\/devenir-grands\/avec-les-pieds-par-terre\/\" \/>\n<meta property=\"og:locale\" content=\"fr_FR\" \/>\n<meta property=\"og:type\" content=\"article\" \/>\n<meta property=\"og:title\" content=\"Avec les pieds par terre - Primigi\" \/>\n<meta property=\"og:description\" content=\"Primigi - Avec les pieds par terre - L&#039;importance des pieds et leur d\u00e9veloppement : tout ce que tu as besoin de savoir. Visitez Primigi.\" \/>\n<meta property=\"og:url\" content=\"https:\/\/www.primigi.it\/fr\/tu-sais-maman\/devenir-grands\/avec-les-pieds-par-terre\/\" \/>\n<meta property=\"og:site_name\" content=\"Primigi\" \/>\n<meta property=\"article:published_time\" content=\"2013-09-06T12:34:02+00:00\" \/>\n<meta property=\"article:modified_time\" content=\"2023-05-03T15:23:12+00:00\" \/>\n<meta property=\"og:image\" content=\"https:\/\/www.primigi.it\/wp-content\/uploads\/2023\/04\/8b6e33345ac8d5ffd9cf0d107a7d9e9d_XL.jpg\" \/>\n\t<meta property=\"og:image:width\" content=\"1920\" \/>\n\t<meta property=\"og:image:height\" content=\"768\" \/>\n\t<meta property=\"og:image:type\" content=\"image\/jpeg\" \/>\n<meta name=\"author\" content=\"Alessandra Spiezia\" \/>\n<meta name=\"twitter:card\" content=\"summary_large_image\" \/>\n<meta name=\"twitter:label1\" content=\"\u00c9crit par\" \/>\n\t<meta name=\"twitter:data1\" content=\"Alessandra Spiezia\" \/>\n\t<meta name=\"twitter:label2\" content=\"Dur\u00e9e de lecture estim\u00e9e\" \/>\n\t<meta name=\"twitter:data2\" content=\"2 minutes\" \/>\n<script type=\"application\/ld+json\" class=\"yoast-schema-graph\">{\"@context\":\"https:\/\/schema.org\",\"@graph\":[{\"@type\":\"Article\",\"@id\":\"https:\/\/www.primigi.it\/fr\/tu-sais-maman\/devenir-grands\/avec-les-pieds-par-terre\/#article\",\"isPartOf\":{\"@id\":\"https:\/\/www.primigi.it\/fr\/tu-sais-maman\/devenir-grands\/avec-les-pieds-par-terre\/\"},\"author\":{\"name\":\"Alessandra Spiezia\",\"@id\":\"https:\/\/www.primigi.it\/fr\/#\/schema\/person\/946130f37c7995e42e774e30e8117be1\"},\"headline\":\"Avec les pieds par terre\",\"datePublished\":\"2013-09-06T12:34:02+00:00\",\"dateModified\":\"2023-05-03T15:23:12+00:00\",\"mainEntityOfPage\":{\"@id\":\"https:\/\/www.primigi.it\/fr\/tu-sais-maman\/devenir-grands\/avec-les-pieds-par-terre\/\"},\"wordCount\":436,\"commentCount\":0,\"publisher\":{\"@id\":\"https:\/\/www.primigi.it\/fr\/#organization\"},\"articleSection\":[\"Devenir grands\"],\"inLanguage\":\"fr-FR\",\"potentialAction\":[{\"@type\":\"CommentAction\",\"name\":\"Comment\",\"target\":[\"https:\/\/www.primigi.it\/fr\/tu-sais-maman\/devenir-grands\/avec-les-pieds-par-terre\/#respond\"]}]},{\"@type\":\"WebPage\",\"@id\":\"https:\/\/www.primigi.it\/fr\/tu-sais-maman\/devenir-grands\/avec-les-pieds-par-terre\/\",\"url\":\"https:\/\/www.primigi.it\/fr\/tu-sais-maman\/devenir-grands\/avec-les-pieds-par-terre\/\",\"name\":\"Avec les pieds par terre - Primigi\",\"isPartOf\":{\"@id\":\"https:\/\/www.primigi.it\/fr\/#website\"},\"datePublished\":\"2013-09-06T12:34:02+00:00\",\"dateModified\":\"2023-05-03T15:23:12+00:00\",\"description\":\"Primigi - Avec les pieds par terre - L'importance des pieds et leur d\u00e9veloppement : tout ce que tu as besoin de savoir. Visitez Primigi.\",\"breadcrumb\":{\"@id\":\"https:\/\/www.primigi.it\/fr\/tu-sais-maman\/devenir-grands\/avec-les-pieds-par-terre\/#breadcrumb\"},\"inLanguage\":\"fr-FR\",\"potentialAction\":[{\"@type\":\"ReadAction\",\"target\":[\"https:\/\/www.primigi.it\/fr\/tu-sais-maman\/devenir-grands\/avec-les-pieds-par-terre\/\"]}]},{\"@type\":\"BreadcrumbList\",\"@id\":\"https:\/\/www.primigi.it\/fr\/tu-sais-maman\/devenir-grands\/avec-les-pieds-par-terre\/#breadcrumb\",\"itemListElement\":[{\"@type\":\"ListItem\",\"position\":1,\"name\":\"Home\",\"item\":\"https:\/\/www.primigi.it\/fr\/\"},{\"@type\":\"ListItem\",\"position\":2,\"name\":\"Avec les pieds par terre\"}]},{\"@type\":\"WebSite\",\"@id\":\"https:\/\/www.primigi.it\/fr\/#website\",\"url\":\"https:\/\/www.primigi.it\/fr\/\",\"name\":\"Primigi\",\"description\":\"Scarpe e abbigliamento per bambino e bambina\",\"publisher\":{\"@id\":\"https:\/\/www.primigi.it\/fr\/#organization\"},\"potentialAction\":[{\"@type\":\"SearchAction\",\"target\":{\"@type\":\"EntryPoint\",\"urlTemplate\":\"https:\/\/www.primigi.it\/fr\/?s={search_term_string}\"},\"query-input\":\"required name=search_term_string\"}],\"inLanguage\":\"fr-FR\"},{\"@type\":\"Organization\",\"@id\":\"https:\/\/www.primigi.it\/fr\/#organization\",\"name\":\"Primigi\",\"url\":\"https:\/\/www.primigi.it\/fr\/\",\"logo\":{\"@type\":\"ImageObject\",\"inLanguage\":\"fr-FR\",\"@id\":\"https:\/\/www.primigi.it\/fr\/#\/schema\/logo\/image\/\",\"url\":\"https:\/\/www.primigi.it\/wp-content\/uploads\/2023\/03\/cropped-Primigi_logo50_vert-200.png\",\"contentUrl\":\"https:\/\/www.primigi.it\/wp-content\/uploads\/2023\/03\/cropped-Primigi_logo50_vert-200.png\",\"width\":200,\"height\":208,\"caption\":\"Primigi\"},\"image\":{\"@id\":\"https:\/\/www.primigi.it\/fr\/#\/schema\/logo\/image\/\"}},{\"@type\":\"Person\",\"@id\":\"https:\/\/www.primigi.it\/fr\/#\/schema\/person\/946130f37c7995e42e774e30e8117be1\",\"name\":\"Alessandra Spiezia\",\"image\":{\"@type\":\"ImageObject\",\"inLanguage\":\"fr-FR\",\"@id\":\"https:\/\/www.primigi.it\/fr\/#\/schema\/person\/image\/\",\"url\":\"https:\/\/www.primigi.it\/wp-content\/litespeed\/avatar\/57f9e4600e30cab6a653c3f9fa1b2d03.jpg?ver=1777552058\",\"contentUrl\":\"https:\/\/www.primigi.it\/wp-content\/litespeed\/avatar\/57f9e4600e30cab6a653c3f9fa1b2d03.jpg?ver=1777552058\",\"caption\":\"Alessandra Spiezia\"}}]}<\/script>\n<!-- \/ Yoast SEO plugin. -->","yoast_head_json":{"title":"Avec les pieds par terre - Primigi","description":"Primigi - Avec les pieds par terre - L'importance des pieds et leur d\u00e9veloppement : tout ce que tu as besoin de savoir. Visitez Primigi.","robots":{"index":"index","follow":"follow","max-snippet":"max-snippet:-1","max-image-preview":"max-image-preview:large","max-video-preview":"max-video-preview:-1"},"canonical":"https:\/\/www.primigi.it\/fr\/tu-sais-maman\/devenir-grands\/avec-les-pieds-par-terre\/","og_locale":"fr_FR","og_type":"article","og_title":"Avec les pieds par terre - Primigi","og_description":"Primigi - Avec les pieds par terre - L'importance des pieds et leur d\u00e9veloppement : tout ce que tu as besoin de savoir. Visitez Primigi.","og_url":"https:\/\/www.primigi.it\/fr\/tu-sais-maman\/devenir-grands\/avec-les-pieds-par-terre\/","og_site_name":"Primigi","article_published_time":"2013-09-06T12:34:02+00:00","article_modified_time":"2023-05-03T15:23:12+00:00","og_image":[{"width":1920,"height":768,"url":"https:\/\/www.primigi.it\/wp-content\/uploads\/2023\/04\/8b6e33345ac8d5ffd9cf0d107a7d9e9d_XL.jpg","type":"image\/jpeg"}],"author":"Alessandra Spiezia","twitter_card":"summary_large_image","twitter_misc":{"\u00c9crit par":"Alessandra Spiezia","Dur\u00e9e de lecture estim\u00e9e":"2 minutes"},"schema":{"@context":"https:\/\/schema.org","@graph":[{"@type":"Article","@id":"https:\/\/www.primigi.it\/fr\/tu-sais-maman\/devenir-grands\/avec-les-pieds-par-terre\/#article","isPartOf":{"@id":"https:\/\/www.primigi.it\/fr\/tu-sais-maman\/devenir-grands\/avec-les-pieds-par-terre\/"},"author":{"name":"Alessandra Spiezia","@id":"https:\/\/www.primigi.it\/fr\/#\/schema\/person\/946130f37c7995e42e774e30e8117be1"},"headline":"Avec les pieds par terre","datePublished":"2013-09-06T12:34:02+00:00","dateModified":"2023-05-03T15:23:12+00:00","mainEntityOfPage":{"@id":"https:\/\/www.primigi.it\/fr\/tu-sais-maman\/devenir-grands\/avec-les-pieds-par-terre\/"},"wordCount":436,"commentCount":0,"publisher":{"@id":"https:\/\/www.primigi.it\/fr\/#organization"},"articleSection":["Devenir grands"],"inLanguage":"fr-FR","potentialAction":[{"@type":"CommentAction","name":"Comment","target":["https:\/\/www.primigi.it\/fr\/tu-sais-maman\/devenir-grands\/avec-les-pieds-par-terre\/#respond"]}]},{"@type":"WebPage","@id":"https:\/\/www.primigi.it\/fr\/tu-sais-maman\/devenir-grands\/avec-les-pieds-par-terre\/","url":"https:\/\/www.primigi.it\/fr\/tu-sais-maman\/devenir-grands\/avec-les-pieds-par-terre\/","name":"Avec les pieds par terre - Primigi","isPartOf":{"@id":"https:\/\/www.primigi.it\/fr\/#website"},"datePublished":"2013-09-06T12:34:02+00:00","dateModified":"2023-05-03T15:23:12+00:00","description":"Primigi - Avec les pieds par terre - L'importance des pieds et leur d\u00e9veloppement : tout ce que tu as besoin de savoir. Visitez Primigi.","breadcrumb":{"@id":"https:\/\/www.primigi.it\/fr\/tu-sais-maman\/devenir-grands\/avec-les-pieds-par-terre\/#breadcrumb"},"inLanguage":"fr-FR","potentialAction":[{"@type":"ReadAction","target":["https:\/\/www.primigi.it\/fr\/tu-sais-maman\/devenir-grands\/avec-les-pieds-par-terre\/"]}]},{"@type":"BreadcrumbList","@id":"https:\/\/www.primigi.it\/fr\/tu-sais-maman\/devenir-grands\/avec-les-pieds-par-terre\/#breadcrumb","itemListElement":[{"@type":"ListItem","position":1,"name":"Home","item":"https:\/\/www.primigi.it\/fr\/"},{"@type":"ListItem","position":2,"name":"Avec les pieds par terre"}]},{"@type":"WebSite","@id":"https:\/\/www.primigi.it\/fr\/#website","url":"https:\/\/www.primigi.it\/fr\/","name":"Primigi","description":"Scarpe e abbigliamento per bambino e bambina","publisher":{"@id":"https:\/\/www.primigi.it\/fr\/#organization"},"potentialAction":[{"@type":"SearchAction","target":{"@type":"EntryPoint","urlTemplate":"https:\/\/www.primigi.it\/fr\/?s={search_term_string}"},"query-input":"required name=search_term_string"}],"inLanguage":"fr-FR"},{"@type":"Organization","@id":"https:\/\/www.primigi.it\/fr\/#organization","name":"Primigi","url":"https:\/\/www.primigi.it\/fr\/","logo":{"@type":"ImageObject","inLanguage":"fr-FR","@id":"https:\/\/www.primigi.it\/fr\/#\/schema\/logo\/image\/","url":"https:\/\/www.primigi.it\/wp-content\/uploads\/2023\/03\/cropped-Primigi_logo50_vert-200.png","contentUrl":"https:\/\/www.primigi.it\/wp-content\/uploads\/2023\/03\/cropped-Primigi_logo50_vert-200.png","width":200,"height":208,"caption":"Primigi"},"image":{"@id":"https:\/\/www.primigi.it\/fr\/#\/schema\/logo\/image\/"}},{"@type":"Person","@id":"https:\/\/www.primigi.it\/fr\/#\/schema\/person\/946130f37c7995e42e774e30e8117be1","name":"Alessandra Spiezia","image":{"@type":"ImageObject","inLanguage":"fr-FR","@id":"https:\/\/www.primigi.it\/fr\/#\/schema\/person\/image\/","url":"https:\/\/www.primigi.it\/wp-content\/litespeed\/avatar\/57f9e4600e30cab6a653c3f9fa1b2d03.jpg?ver=1777552058","contentUrl":"https:\/\/www.primigi.it\/wp-content\/litespeed\/avatar\/57f9e4600e30cab6a653c3f9fa1b2d03.jpg?ver=1777552058","caption":"Alessandra Spiezia"}}]}},"wpml_current_locale":"fr_FR","wpml_translations":{"it_IT":{"locale":"it_IT","id":9089,"slug":"con-i-piedi-per-terra","post_title":"Con i piedi per terra","href":"https:\/\/www.primigi.it\/mamma-lo-sai-che\/diventare-grandi\/con-i-piedi-per-terra\/"},"en_US":{"locale":"en_US","id":10047,"slug":"down-to-earth","post_title":"down-to-earth","href":"https:\/\/www.primigi.it\/en\/mum-do-you-know\/growing-up\/down-to-earth\/"},"de_DE":{"locale":"de_DE","id":10438,"slug":"mit-den-fuessen-fest-auf-dem-boden","post_title":"Mit den F\u00fc\u00dfen fest auf dem Boden","href":"https:\/\/www.primigi.it\/de\/mama-du-weisst-dass\/aufwachsen\/mit-den-fuessen-fest-auf-dem-boden\/"},"ru_RU":{"locale":"ru_RU","id":10677,"slug":"%d1%81%d1%82%d0%be%d1%8f-%d0%bd%d0%be%d0%b3%d0%b0%d0%bc%d0%b8-%d0%bd%d0%b0-%d0%b7%d0%b5%d0%bc%d0%bb%d0%b5","post_title":"\u0421\u0442\u043e\u044f \u043d\u043e\u0433\u0430\u043c\u0438 \u043d\u0430 \u0437\u0435\u043c\u043b\u0435","href":"https:\/\/www.primigi.it\/ru\/%D0%BC%D0%B0%D0%BC%D0%B0-%D1%82%D1%8B-%D0%B7%D0%BD%D0%B0%D0%B5%D1%88%D1%8C-%D1%87%D1%82%D0%BE\/%D1%87%D1%82%D0%BE%D0%B1%D1%8B-%D0%B2%D1%8B%D1%80%D0%B0%D1%81%D1%82%D0%B8\/%D1%81%D1%82%D0%BE%D1%8F-%D0%BD%D0%BE%D0%B3%D0%B0%D0%BC%D0%B8-%D0%BD%D0%B0-%D0%B7%D0%B5%D0%BC%D0%BB%D0%B5\/"},"es_ES":{"locale":"es_ES","id":10551,"slug":"juguemos-con-los-pies","post_title":"Con los pies en la tierra","href":"https:\/\/www.primigi.it\/es\/mama-lo-sabes\/crecer\/juguemos-con-los-pies\/"}},"_links":{"self":[{"href":"https:\/\/www.primigi.it\/fr\/wp-json\/wp\/v2\/posts\/10294"}],"collection":[{"href":"https:\/\/www.primigi.it\/fr\/wp-json\/wp\/v2\/posts"}],"about":[{"href":"https:\/\/www.primigi.it\/fr\/wp-json\/wp\/v2\/types\/post"}],"author":[{"embeddable":true,"href":"https:\/\/www.primigi.it\/fr\/wp-json\/wp\/v2\/users\/4"}],"replies":[{"embeddable":true,"href":"https:\/\/www.primigi.it\/fr\/wp-json\/wp\/v2\/comments?post=10294"}],"version-history":[{"count":4,"href":"https:\/\/www.primigi.it\/fr\/wp-json\/wp\/v2\/posts\/10294\/revisions"}],"predecessor-version":[{"id":10298,"href":"https:\/\/www.primigi.it\/fr\/wp-json\/wp\/v2\/posts\/10294\/revisions\/10298"}],"wp:featuredmedia":[{"embeddable":true,"href":"https:\/\/www.primigi.it\/fr\/wp-json\/wp\/v2\/media\/9092"}],"wp:attachment":[{"href":"https:\/\/www.primigi.it\/fr\/wp-json\/wp\/v2\/media?parent=10294"}],"wp:term":[{"taxonomy":"category","embeddable":true,"href":"https:\/\/www.primigi.it\/fr\/wp-json\/wp\/v2\/categories?post=10294"},{"taxonomy":"post_tag","embeddable":true,"href":"https:\/\/www.primigi.it\/fr\/wp-json\/wp\/v2\/tags?post=10294"}],"curies":[{"name":"wp","href":"https:\/\/api.w.org\/{rel}","templated":true}]}}