{"id":26493,"date":"2023-11-10T19:13:41","date_gmt":"2023-11-10T18:13:41","guid":{"rendered":"https:\/\/www.primigi.it\/en-tren-las-rutas-mas-bellas-de-europa\/"},"modified":"2023-12-14T13:01:06","modified_gmt":"2023-12-14T12:01:06","slug":"en-tren-las-rutas-mas-bellas-de-europa","status":"publish","type":"post","link":"https:\/\/www.primigi.it\/es\/mama-lo-sabes\/viajar-juntas\/en-tren-las-rutas-mas-bellas-de-europa\/","title":{"rendered":"En tren: las rutas m\u00e1s bellas de Europa"},"content":{"rendered":"\t\t<div data-elementor-type=\"wp-post\" data-elementor-id=\"26493\" class=\"elementor elementor-26493 elementor-6798\" data-elementor-post-type=\"post\">\n\t\t\t\t\t\t\t\t\t<section class=\"elementor-section elementor-top-section elementor-element elementor-element-216c85e elementor-section-boxed elementor-section-height-default elementor-section-height-default\" data-id=\"216c85e\" data-element_type=\"section\">\n\t\t\t\t\t\t<div class=\"elementor-container elementor-column-gap-default\">\n\t\t\t\t\t<div class=\"elementor-column elementor-col-100 elementor-top-column elementor-element elementor-element-678b727\" data-id=\"678b727\" data-element_type=\"column\">\n\t\t\t<div class=\"elementor-widget-wrap elementor-element-populated\">\n\t\t\t\t\t\t\t\t<div class=\"elementor-element elementor-element-5cee958 elementor-widget elementor-widget-titolo-e-testo\" data-id=\"5cee958\" data-element_type=\"widget\" data-widget_type=\"titolo-e-testo.default\">\n\t\t\t\t<div class=\"elementor-widget-container\">\n\t\t\t<div class=\"titolo-e-testo\"><div class=\"text__container\"><div class=\"text\" style=\"\"><p>El encanto del tren es capaz de transportar a todos a la infancia. \u201cChu chu\u201d hac\u00edan nuestros padres cuando mov\u00edan el trenecillo con las manos a trav\u00e9s de una v\u00eda imaginaria, igual que el que nosotros control\u00e1bamos a distancia en las primeras v\u00edas el\u00e9ctricas. Incluso el que dirigne nuestros hijos en los videojuegos produce el mismo sonido. Porque, aunque los a\u00f1os pasan, el tren sigue siendo uno de los medios de transporte m\u00e1s fascinante para cualquier generaci\u00f3n. Gracias al vapor, a las v\u00edas, el viaje lento a trav\u00e9s de los paisajes que fluyen por la ventanilla: un encanto rom\u00e1ntico capaz de cautivar a toda la familia.<\/p><p>Especialmente si se elige una de las fant\u00e1sticas rutas ferroviarias presentes en Europa, todas dignas de una maravillosa aventura de mochileros.<\/p><\/div><\/div><\/div>\t\t<\/div>\n\t\t\t\t<\/div>\n\t\t\t\t<div class=\"elementor-element elementor-element-457a3b5 elementor-widget elementor-widget-distanziatore\" data-id=\"457a3b5\" data-element_type=\"widget\" data-widget_type=\"distanziatore.default\">\n\t\t\t\t<div class=\"elementor-widget-container\">\n\t\t\t\t\t<div class=\"distanziatore-spacer\">\n\t\t\t<div class=\"distanziatore-spacer-inner margin-piccolo\"><\/div>\n\t\t<\/div>\n\t\t\t\t<\/div>\n\t\t\t\t<\/div>\n\t\t\t\t\t<\/div>\n\t\t<\/div>\n\t\t\t\t\t\t\t<\/div>\n\t\t<\/section>\n\t\t\t\t<section class=\"elementor-section elementor-top-section elementor-element elementor-element-3f7ddb8 elementor-section-boxed elementor-section-height-default elementor-section-height-default\" data-id=\"3f7ddb8\" data-element_type=\"section\">\n\t\t\t\t\t\t<div class=\"elementor-container elementor-column-gap-default\">\n\t\t\t\t\t<div class=\"elementor-column elementor-col-100 elementor-top-column elementor-element elementor-element-24ddebb\" data-id=\"24ddebb\" data-element_type=\"column\">\n\t\t\t<div class=\"elementor-widget-wrap elementor-element-populated\">\n\t\t\t\t\t\t\t\t<div class=\"elementor-element elementor-element-02a8bac elementor-widget elementor-widget-distanziatore\" data-id=\"02a8bac\" data-element_type=\"widget\" data-widget_type=\"distanziatore.default\">\n\t\t\t\t<div class=\"elementor-widget-container\">\n\t\t\t\t\t<div class=\"distanziatore-spacer\">\n\t\t\t<div class=\"distanziatore-spacer-inner margin-piccolo\"><\/div>\n\t\t<\/div>\n\t\t\t\t<\/div>\n\t\t\t\t<\/div>\n\t\t\t\t<div class=\"elementor-element elementor-element-47c068b elementor-widget elementor-widget-titolo-e-testo\" data-id=\"47c068b\" data-element_type=\"widget\" data-widget_type=\"titolo-e-testo.default\">\n\t\t\t\t<div class=\"elementor-widget-container\">\n\t\t\t<div class=\"titolo-e-testo\"><div class=\"title__container\"><H3 class=\"title\" style=\"\">Ferrocarril de Bah\u00eda de Somme- Francia<\/H3><\/div><div class=\"text__container\"><div class=\"text\" style=\"\"><p>La Bahia de la Somma en Picardia (Norte de Francia), es un bell\u00edsimo entorno natural, donde se pueden admirar las focas y descubrir el incre\u00edble efecto de las mareas que hacen que aparezcan y desaparezcan porciones enteras de tierra. Aqu\u00ed, a trav\u00e9s de las tres localidades costeras de Crotoy, Saint-Valery-sur-Somme y Cayeux-sur-Mer, circula a una velocidad de 25 km por hora la locomotora de vapor, del antiguo ferrocarril local. Usted viaja a bordo de trenes hist\u00f3ricos en un ambiente de Belle Epoque e incluso puedes comer en el restaurante a bordo.<\/p><p>El coste del viaje con almuerzo es de 49 euros para adultos y 25 euros para ni\u00f1os.<\/p><p>\u00a0<\/p><p><span style=\"font-size: 16px;\">Informaciones: <\/span><a style=\"font-size: 16px; background-color: #ffffff;\" href=\"http:\/\/www.chemindefer-baiedesomme.fr\/\">chemindefer-baiedesomme.fr<\/a><\/p><p>\u00a0<\/p><\/div><\/div><\/div>\t\t<\/div>\n\t\t\t\t<\/div>\n\t\t\t\t<div class=\"elementor-element elementor-element-e5fe894 elementor-widget elementor-widget-immagine-singola\" data-id=\"e5fe894\" data-element_type=\"widget\" data-widget_type=\"immagine-singola.default\">\n\t\t\t\t<div class=\"elementor-widget-container\">\n\t\t\t<div class='container-immagine-singola'><img class='immagine-singola'  src=https:\/\/www.primigi.it\/wp-content\/uploads\/2023\/04\/Chemin-de-fer-de-la-Baie-de-Somme-Francia_s.jpg \/><\/div>\t\t<\/div>\n\t\t\t\t<\/div>\n\t\t\t\t<div class=\"elementor-element elementor-element-94f364e elementor-widget elementor-widget-distanziatore\" data-id=\"94f364e\" data-element_type=\"widget\" data-widget_type=\"distanziatore.default\">\n\t\t\t\t<div class=\"elementor-widget-container\">\n\t\t\t\t\t<div class=\"distanziatore-spacer\">\n\t\t\t<div class=\"distanziatore-spacer-inner margin-piccolo\"><\/div>\n\t\t<\/div>\n\t\t\t\t<\/div>\n\t\t\t\t<\/div>\n\t\t\t\t\t<\/div>\n\t\t<\/div>\n\t\t\t\t\t\t\t<\/div>\n\t\t<\/section>\n\t\t\t\t<section class=\"elementor-section elementor-top-section elementor-element elementor-element-1526b86 elementor-section-boxed elementor-section-height-default elementor-section-height-default\" data-id=\"1526b86\" data-element_type=\"section\">\n\t\t\t\t\t\t<div class=\"elementor-container elementor-column-gap-default\">\n\t\t\t\t\t<div class=\"elementor-column elementor-col-100 elementor-top-column elementor-element elementor-element-6952799\" data-id=\"6952799\" data-element_type=\"column\">\n\t\t\t<div class=\"elementor-widget-wrap elementor-element-populated\">\n\t\t\t\t\t\t\t\t<div class=\"elementor-element elementor-element-bc5b5b8 elementor-widget elementor-widget-titolo-e-testo\" data-id=\"bc5b5b8\" data-element_type=\"widget\" data-widget_type=\"titolo-e-testo.default\">\n\t\t\t\t<div class=\"elementor-widget-container\">\n\t\t\t<div class=\"titolo-e-testo\"><div class=\"title__container\"><H3 class=\"title\" style=\"\">El tren del chocolate- Suiza<\/H3><\/div><div class=\"text__container\"><div class=\"text\" style=\"\"><p>El nombre ya lo dice todo: el \u201ctren del chocolate\u201d, en Suiza (bueno \u00bfy d\u00f3nde de lo contrario?) recorre la v\u00eda f\u00e9rrea Montreux-Berner Oberland y, durante las siete horas de viaje, el trayecto incluye catas de chocolate y la visita a una f\u00e1brica de chocolate en Broc. La \u00faltima ruta- desde Gruy\u00e8res a Montreux \u2013 se puede recorrer en autobus e incluye una v\u00edsita a \"La Maison du Gruy\u00e8re\", el lugar de producci\u00f3n del queso t\u00edpico suizo.<\/p><p>\u00a0<\/p><p><span style=\"font-size: 16px;\">Informaciones: <\/span><a style=\"font-size: 16px; background-color: #ffffff;\" href=\"http:\/\/www.myswitzerland.com\/en\/experiences\/chocolate-train\/\">myswitzerland.com\/en\/experiences\/chocolate-train\/<\/a><\/p><\/div><\/div><\/div>\t\t<\/div>\n\t\t\t\t<\/div>\n\t\t\t\t<div class=\"elementor-element elementor-element-0e3b9db elementor-widget elementor-widget-distanziatore\" data-id=\"0e3b9db\" data-element_type=\"widget\" data-widget_type=\"distanziatore.default\">\n\t\t\t\t<div class=\"elementor-widget-container\">\n\t\t\t\t\t<div class=\"distanziatore-spacer\">\n\t\t\t<div class=\"distanziatore-spacer-inner margin-piccolo\"><\/div>\n\t\t<\/div>\n\t\t\t\t<\/div>\n\t\t\t\t<\/div>\n\t\t\t\t<div class=\"elementor-element elementor-element-fc9e9c9 elementor-widget elementor-widget-immagine-singola\" data-id=\"fc9e9c9\" data-element_type=\"widget\" data-widget_type=\"immagine-singola.default\">\n\t\t\t\t<div class=\"elementor-widget-container\">\n\t\t\t<div class='container-immagine-singola'><img class='immagine-singola'  src=https:\/\/www.primigi.it\/wp-content\/uploads\/2023\/04\/Il-treno-della-cioccolata-Svizzera_s.jpg \/><\/div>\t\t<\/div>\n\t\t\t\t<\/div>\n\t\t\t\t<div class=\"elementor-element elementor-element-91b36cc elementor-widget elementor-widget-distanziatore\" data-id=\"91b36cc\" data-element_type=\"widget\" data-widget_type=\"distanziatore.default\">\n\t\t\t\t<div class=\"elementor-widget-container\">\n\t\t\t\t\t<div class=\"distanziatore-spacer\">\n\t\t\t<div class=\"distanziatore-spacer-inner margin-piccolo\"><\/div>\n\t\t<\/div>\n\t\t\t\t<\/div>\n\t\t\t\t<\/div>\n\t\t\t\t\t<\/div>\n\t\t<\/div>\n\t\t\t\t\t\t\t<\/div>\n\t\t<\/section>\n\t\t\t\t<section class=\"elementor-section elementor-top-section elementor-element elementor-element-da1c407 elementor-section-boxed elementor-section-height-default elementor-section-height-default\" data-id=\"da1c407\" data-element_type=\"section\">\n\t\t\t\t\t\t<div class=\"elementor-container elementor-column-gap-default\">\n\t\t\t\t\t<div class=\"elementor-column elementor-col-100 elementor-top-column elementor-element elementor-element-a81f9c0\" data-id=\"a81f9c0\" data-element_type=\"column\">\n\t\t\t<div class=\"elementor-widget-wrap elementor-element-populated\">\n\t\t\t\t\t\t\t\t<div class=\"elementor-element elementor-element-961995c elementor-widget elementor-widget-titolo-e-testo\" data-id=\"961995c\" data-element_type=\"widget\" data-widget_type=\"titolo-e-testo.default\">\n\t\t\t\t<div class=\"elementor-widget-container\">\n\t\t\t<div class=\"titolo-e-testo\"><div class=\"title__container\"><H3 class=\"title\" style=\"\">Woodland Wanderer en Snowdonia \u2013 Gales<\/H3><\/div><div class=\"text__container\"><div class=\"text\" style=\"\"><p>Un viaje en vagones de los a\u00f1os sesenta por los frondosos bosques del Parque Nacional de Snowdonia, en Gales. Las familias pocos numerosas tienen la oportunidad de viajar en un peque\u00f1o vag\u00f3n victoriano, que en 1800 transportaba a los mineros. El itinerario de dos horas y media incluye una parada para dar un paseo por el sendero forestal hasta Llyn Mair, el bonito lago del valle y una merienda con t\u00e8 y pasteles preparadas en la estaci\u00f3n de salida.<\/p><p>El costo es de 25 libras para adultos, mientras que los ni\u00f1os de hasta 15 a\u00f1os pagan el precio simb\u00f3lico de 1 libra.\u00a0<\/p><p>\u00a0<\/p><p><span style=\"font-size: 16px;\">Informaciones: <\/span><a style=\"font-size: 16px; background-color: #ffffff;\" href=\"http:\/\/www.festrail.co.uk\/woodland-wanderer\/\">festrail.co.uk\/woodland-wanderer\/<\/a><\/p><\/div><\/div><\/div>\t\t<\/div>\n\t\t\t\t<\/div>\n\t\t\t\t<div class=\"elementor-element elementor-element-b08de11 elementor-widget elementor-widget-distanziatore\" data-id=\"b08de11\" data-element_type=\"widget\" data-widget_type=\"distanziatore.default\">\n\t\t\t\t<div class=\"elementor-widget-container\">\n\t\t\t\t\t<div class=\"distanziatore-spacer\">\n\t\t\t<div class=\"distanziatore-spacer-inner margin-piccolo\"><\/div>\n\t\t<\/div>\n\t\t\t\t<\/div>\n\t\t\t\t<\/div>\n\t\t\t\t<div class=\"elementor-element elementor-element-3935b03 elementor-widget elementor-widget-immagine-singola\" data-id=\"3935b03\" data-element_type=\"widget\" data-widget_type=\"immagine-singola.default\">\n\t\t\t\t<div class=\"elementor-widget-container\">\n\t\t\t<div class='container-immagine-singola'><img class='immagine-singola'  src=https:\/\/www.primigi.it\/wp-content\/uploads\/2023\/04\/Woodland-Wanderer-a-Snowdonia-Galles_s.jpg \/><\/div>\t\t<\/div>\n\t\t\t\t<\/div>\n\t\t\t\t<div class=\"elementor-element elementor-element-4fd7ff8 elementor-widget elementor-widget-distanziatore\" data-id=\"4fd7ff8\" data-element_type=\"widget\" data-widget_type=\"distanziatore.default\">\n\t\t\t\t<div class=\"elementor-widget-container\">\n\t\t\t\t\t<div class=\"distanziatore-spacer\">\n\t\t\t<div class=\"distanziatore-spacer-inner margin-piccolo\"><\/div>\n\t\t<\/div>\n\t\t\t\t<\/div>\n\t\t\t\t<\/div>\n\t\t\t\t\t<\/div>\n\t\t<\/div>\n\t\t\t\t\t\t\t<\/div>\n\t\t<\/section>\n\t\t\t\t<section class=\"elementor-section elementor-top-section elementor-element elementor-element-96bc8bd elementor-section-boxed elementor-section-height-default elementor-section-height-default\" data-id=\"96bc8bd\" data-element_type=\"section\">\n\t\t\t\t\t\t<div class=\"elementor-container elementor-column-gap-default\">\n\t\t\t\t\t<div class=\"elementor-column elementor-col-100 elementor-top-column elementor-element elementor-element-7b8829b\" data-id=\"7b8829b\" data-element_type=\"column\">\n\t\t\t<div class=\"elementor-widget-wrap elementor-element-populated\">\n\t\t\t\t\t\t\t\t<div class=\"elementor-element elementor-element-d787907 elementor-widget elementor-widget-titolo-e-testo\" data-id=\"d787907\" data-element_type=\"widget\" data-widget_type=\"titolo-e-testo.default\">\n\t\t\t\t<div class=\"elementor-widget-container\">\n\t\t\t<div class=\"titolo-e-testo\"><div class=\"title__container\"><H3 class=\"title\" style=\"\">\u00d6tscherland Express - Austria<\/H3><\/div><div class=\"text__container\"><div class=\"text\" style=\"\"><p>Un tren hist\u00f3rico con vagones tirados por una rom\u00e1ntica y espectacular locomotora de vapor de hace m\u00e1s de cien a\u00f1os, que recorre 25 kil\u00f3metros entre Kienberg bei Gaming, Lunz am See e G\u00f6stling, en Mostviertel, en Austria. Un peque\u00f1o viaje panor\u00e1mico dentro de una naci\u00f3n que ofrece much\u00edsimas oportunidades para quienes que aman viajar en trenes hist\u00f3ricos.<\/p><p>El billete para esta ruta cuesta 23 euros.<\/p><p>\u00a0<\/p><p><span style=\"font-size: 16px;\">Informaciones: <\/span><a style=\"font-size: 16px; background-color: #ffffff;\" href=\"http:\/\/www.mostviertel.at\/en\/all-sights\/a-oetscherland-express\">mostviertel.at\/en\/all-sights\/a-oetscherland-express<\/a><\/p><\/div><\/div><\/div>\t\t<\/div>\n\t\t\t\t<\/div>\n\t\t\t\t<div class=\"elementor-element elementor-element-750f15b elementor-widget elementor-widget-distanziatore\" data-id=\"750f15b\" data-element_type=\"widget\" data-widget_type=\"distanziatore.default\">\n\t\t\t\t<div class=\"elementor-widget-container\">\n\t\t\t\t\t<div class=\"distanziatore-spacer\">\n\t\t\t<div class=\"distanziatore-spacer-inner margin-piccolo\"><\/div>\n\t\t<\/div>\n\t\t\t\t<\/div>\n\t\t\t\t<\/div>\n\t\t\t\t<div class=\"elementor-element elementor-element-10d02f6 elementor-widget elementor-widget-immagine-singola\" data-id=\"10d02f6\" data-element_type=\"widget\" data-widget_type=\"immagine-singola.default\">\n\t\t\t\t<div class=\"elementor-widget-container\">\n\t\t\t<div class='container-immagine-singola'><img class='immagine-singola'  src=https:\/\/www.primigi.it\/wp-content\/uploads\/2023\/04\/tscherland-Express-Austria_s.jpg \/><\/div>\t\t<\/div>\n\t\t\t\t<\/div>\n\t\t\t\t<div class=\"elementor-element elementor-element-f340c32 elementor-widget elementor-widget-distanziatore\" data-id=\"f340c32\" data-element_type=\"widget\" data-widget_type=\"distanziatore.default\">\n\t\t\t\t<div class=\"elementor-widget-container\">\n\t\t\t\t\t<div class=\"distanziatore-spacer\">\n\t\t\t<div class=\"distanziatore-spacer-inner margin-piccolo\"><\/div>\n\t\t<\/div>\n\t\t\t\t<\/div>\n\t\t\t\t<\/div>\n\t\t\t\t\t<\/div>\n\t\t<\/div>\n\t\t\t\t\t\t\t<\/div>\n\t\t<\/section>\n\t\t\t\t<section class=\"elementor-section elementor-top-section elementor-element elementor-element-a57df71 elementor-section-boxed elementor-section-height-default elementor-section-height-default\" data-id=\"a57df71\" data-element_type=\"section\">\n\t\t\t\t\t\t<div class=\"elementor-container elementor-column-gap-default\">\n\t\t\t\t\t<div class=\"elementor-column elementor-col-100 elementor-top-column elementor-element elementor-element-ca6fb96\" data-id=\"ca6fb96\" data-element_type=\"column\">\n\t\t\t<div class=\"elementor-widget-wrap elementor-element-populated\">\n\t\t\t\t\t\t\t\t<div class=\"elementor-element elementor-element-83e6add elementor-widget elementor-widget-titolo-e-testo\" data-id=\"83e6add\" data-element_type=\"widget\" data-widget_type=\"titolo-e-testo.default\">\n\t\t\t\t<div class=\"elementor-widget-container\">\n\t\t\t<div class=\"titolo-e-testo\"><div class=\"title__container\"><H3 class=\"title\" style=\"\">Ferrocarril de S\u00f2ller- Palma de Mallorca<\/H3><\/div><div class=\"text__container\"><div class=\"text\" style=\"\"><p>Una de las atracciones m\u00e1s populares en Mallorca es el antiguo tren de madera que conecta Palma con la ciudad de S\u00f2ller, originalmente usado para transportar los c\u00edtricos desde el valle de S\u00f2ler hasta la capital. El tren tarda una hora en llegar a la estaci\u00f3n Art Deco de S\u00f2ler, entre viaductos, puentes, t\u00faneles y varios miradores.<\/p><p>El billete de ida y vuelta cuesta 25 \u20ac por persona.<\/p><p>\u00a0<\/p><p><span style=\"font-size: 16px;\">Informaciones: <\/span><a style=\"font-size: 16px; background-color: #ffffff;\" href=\"https:\/\/trendesoller.com\/eng\/routes\/train\">trendesoller.com\/eng\/routes\/train<\/a><\/p><\/div><\/div><\/div>\t\t<\/div>\n\t\t\t\t<\/div>\n\t\t\t\t<div class=\"elementor-element elementor-element-51fe941 elementor-widget elementor-widget-distanziatore\" data-id=\"51fe941\" data-element_type=\"widget\" data-widget_type=\"distanziatore.default\">\n\t\t\t\t<div class=\"elementor-widget-container\">\n\t\t\t\t\t<div class=\"distanziatore-spacer\">\n\t\t\t<div class=\"distanziatore-spacer-inner margin-piccolo\"><\/div>\n\t\t<\/div>\n\t\t\t\t<\/div>\n\t\t\t\t<\/div>\n\t\t\t\t<div class=\"elementor-element elementor-element-e3f1a8b elementor-widget elementor-widget-immagine-singola\" data-id=\"e3f1a8b\" data-element_type=\"widget\" data-widget_type=\"immagine-singola.default\">\n\t\t\t\t<div class=\"elementor-widget-container\">\n\t\t\t<div class='container-immagine-singola'><img class='immagine-singola'  src=https:\/\/www.primigi.it\/wp-content\/uploads\/2023\/04\/Ferrocarril-de-Sller-Palma-di-Maiorca_s.jpg \/><\/div>\t\t<\/div>\n\t\t\t\t<\/div>\n\t\t\t\t<div class=\"elementor-element elementor-element-c4c000e elementor-widget elementor-widget-distanziatore\" data-id=\"c4c000e\" data-element_type=\"widget\" data-widget_type=\"distanziatore.default\">\n\t\t\t\t<div class=\"elementor-widget-container\">\n\t\t\t\t\t<div class=\"distanziatore-spacer\">\n\t\t\t<div class=\"distanziatore-spacer-inner margin-piccolo\"><\/div>\n\t\t<\/div>\n\t\t\t\t<\/div>\n\t\t\t\t<\/div>\n\t\t\t\t\t<\/div>\n\t\t<\/div>\n\t\t\t\t\t\t\t<\/div>\n\t\t<\/section>\n\t\t\t\t<section class=\"elementor-section elementor-top-section elementor-element elementor-element-9c4c925 elementor-section-boxed elementor-section-height-default elementor-section-height-default\" data-id=\"9c4c925\" data-element_type=\"section\">\n\t\t\t\t\t\t<div class=\"elementor-container elementor-column-gap-default\">\n\t\t\t\t\t<div class=\"elementor-column elementor-col-100 elementor-top-column elementor-element elementor-element-9793c0f\" data-id=\"9793c0f\" data-element_type=\"column\">\n\t\t\t<div class=\"elementor-widget-wrap elementor-element-populated\">\n\t\t\t\t\t\t\t\t<div class=\"elementor-element elementor-element-1962982 elementor-widget elementor-widget-titolo-e-testo\" data-id=\"1962982\" data-element_type=\"widget\" data-widget_type=\"titolo-e-testo.default\">\n\t\t\t\t<div class=\"elementor-widget-container\">\n\t\t\t<div class=\"titolo-e-testo\"><div class=\"title__container\"><H3 class=\"title\" style=\"\">El Tren Amarillo- Francia<\/H3><\/div><div class=\"text__container\"><div class=\"text\" style=\"\"><p>Un bonito recorrido por el Parque Natural Regional de los Pireneos Catalanes a bordo de un tren hist\u00f3rico de color amarillo, recorriendo uno de los ferrocarriles m\u00e1s altos de Europa. 63 kil\u00f3metros en tres horas de viaje (de Latour-de-Carol hasta Villefranche-de-Conflent) a trav\u00e9s de maravillosos paisajes de monta\u00f1a y unos puentes de altura vertiginosa, como el puente Cassagne o puente Gisclard, el \u00fanico puente ferroviario colgante todav\u00eda en funci\u00f3n en Francia. El coste del billete es a partir de 22,50 \u20ac, dependiendo de la ruta seleccionada.<\/p><p>Tambi\u00e9n hay la posibilidad de utilizar descuentos para grupos a partir de tres personas, y los j\u00f3venes de 12 a 26 a\u00f1os tienen derecho a un descuento del 50%.<\/p><p>\u00a0<\/p><p>Informaciones<span style=\"font-size: 16px;\">:\u00a0<\/span><a style=\"font-size: 16px; background-color: #ffffff;\" href=\"https:\/\/letrainjaune.fr\/\">letrainjaune.fr<\/a><\/p><\/div><\/div><\/div>\t\t<\/div>\n\t\t\t\t<\/div>\n\t\t\t\t<div class=\"elementor-element elementor-element-f8e0d4e elementor-widget elementor-widget-distanziatore\" data-id=\"f8e0d4e\" data-element_type=\"widget\" data-widget_type=\"distanziatore.default\">\n\t\t\t\t<div class=\"elementor-widget-container\">\n\t\t\t\t\t<div class=\"distanziatore-spacer\">\n\t\t\t<div class=\"distanziatore-spacer-inner margin-piccolo\"><\/div>\n\t\t<\/div>\n\t\t\t\t<\/div>\n\t\t\t\t<\/div>\n\t\t\t\t<div class=\"elementor-element elementor-element-7a7d2f3 elementor-widget elementor-widget-immagine-singola\" data-id=\"7a7d2f3\" data-element_type=\"widget\" data-widget_type=\"immagine-singola.default\">\n\t\t\t\t<div class=\"elementor-widget-container\">\n\t\t\t<div class='container-immagine-singola'><img class='immagine-singola'  src=https:\/\/www.primigi.it\/wp-content\/uploads\/2023\/04\/Il-Treno-Giallo-Francia_s.jpg \/><\/div>\t\t<\/div>\n\t\t\t\t<\/div>\n\t\t\t\t<div class=\"elementor-element elementor-element-621525c elementor-widget elementor-widget-distanziatore\" data-id=\"621525c\" data-element_type=\"widget\" data-widget_type=\"distanziatore.default\">\n\t\t\t\t<div class=\"elementor-widget-container\">\n\t\t\t\t\t<div class=\"distanziatore-spacer\">\n\t\t\t<div class=\"distanziatore-spacer-inner margin-piccolo\"><\/div>\n\t\t<\/div>\n\t\t\t\t<\/div>\n\t\t\t\t<\/div>\n\t\t\t\t\t<\/div>\n\t\t<\/div>\n\t\t\t\t\t\t\t<\/div>\n\t\t<\/section>\n\t\t\t\t<section class=\"elementor-section elementor-top-section elementor-element elementor-element-bcc6613 elementor-section-boxed elementor-section-height-default elementor-section-height-default\" data-id=\"bcc6613\" data-element_type=\"section\">\n\t\t\t\t\t\t<div class=\"elementor-container elementor-column-gap-default\">\n\t\t\t\t\t<div class=\"elementor-column elementor-col-100 elementor-top-column elementor-element elementor-element-6d0ed52\" data-id=\"6d0ed52\" data-element_type=\"column\">\n\t\t\t<div class=\"elementor-widget-wrap elementor-element-populated\">\n\t\t\t\t\t\t\t\t<div class=\"elementor-element elementor-element-0bdce1b elementor-widget elementor-widget-titolo-e-testo\" data-id=\"0bdce1b\" data-element_type=\"widget\" data-widget_type=\"titolo-e-testo.default\">\n\t\t\t\t<div class=\"elementor-widget-container\">\n\t\t\t<div class=\"titolo-e-testo\"><div class=\"title__container\"><H3 class=\"title\" style=\"\">Tren de la Naturaleza- Toscana <\/H3><\/div><div class=\"text__container\"><div class=\"text\" style=\"\"><p>El Tren de la Naturaleza es un tren con locomotora a vapor y vagones de los a\u00f1os treinta que recorre las l\u00edneas ferroviarias en desuso de Siena- Asciano-Monte Antico, a trav\u00e9s de trece pueblos repartidos en un territorio \u00fanico.<\/p><p>Un viaje emocionante para los ni\u00f1os que, acomodados en los vagones con asientos de madera, pueden admirar el Val D\u2019 Orcia, uno de los paisajes m\u00e1s bellos de Italia, entre colinas, granjas, pastos y pueblos encantadores, haciendo paradas en estaciones solitarias y llenas de encanto.<\/p><p>\u00a0<\/p><p><span style=\"font-size: 16px;\">Informazioni: <\/span><a style=\"font-size: 16px; background-color: #ffffff;\" href=\"http:\/\/www.terredisienalab.it\/elenco-progetti\/item\/472-treno-natura-2022\">terredisienalab.it\/elenco-progetti\/item\/472-treno-natura-2022<\/a><\/p><\/div><\/div><\/div>\t\t<\/div>\n\t\t\t\t<\/div>\n\t\t\t\t<div class=\"elementor-element elementor-element-d1e6cb6 elementor-widget elementor-widget-distanziatore\" data-id=\"d1e6cb6\" data-element_type=\"widget\" data-widget_type=\"distanziatore.default\">\n\t\t\t\t<div class=\"elementor-widget-container\">\n\t\t\t\t\t<div class=\"distanziatore-spacer\">\n\t\t\t<div class=\"distanziatore-spacer-inner margin-piccolo\"><\/div>\n\t\t<\/div>\n\t\t\t\t<\/div>\n\t\t\t\t<\/div>\n\t\t\t\t<div class=\"elementor-element elementor-element-1442539 elementor-widget elementor-widget-immagine-singola\" data-id=\"1442539\" data-element_type=\"widget\" data-widget_type=\"immagine-singola.default\">\n\t\t\t\t<div class=\"elementor-widget-container\">\n\t\t\t<div class='container-immagine-singola'><img class='immagine-singola'  src=https:\/\/www.primigi.it\/wp-content\/uploads\/2023\/04\/Treno-Natura-Toscana-s.jpg \/><\/div>\t\t<\/div>\n\t\t\t\t<\/div>\n\t\t\t\t<div class=\"elementor-element elementor-element-2f1de1d elementor-widget elementor-widget-distanziatore\" data-id=\"2f1de1d\" data-element_type=\"widget\" data-widget_type=\"distanziatore.default\">\n\t\t\t\t<div class=\"elementor-widget-container\">\n\t\t\t\t\t<div class=\"distanziatore-spacer\">\n\t\t\t<div class=\"distanziatore-spacer-inner margin-piccolo\"><\/div>\n\t\t<\/div>\n\t\t\t\t<\/div>\n\t\t\t\t<\/div>\n\t\t\t\t\t<\/div>\n\t\t<\/div>\n\t\t\t\t\t\t\t<\/div>\n\t\t<\/section>\n\t\t\t\t<section class=\"elementor-section elementor-top-section elementor-element elementor-element-5ef0c3b elementor-section-boxed elementor-section-height-default elementor-section-height-default\" data-id=\"5ef0c3b\" data-element_type=\"section\">\n\t\t\t\t\t\t<div class=\"elementor-container elementor-column-gap-default\">\n\t\t\t\t\t<div class=\"elementor-column elementor-col-100 elementor-top-column elementor-element elementor-element-2599d3a\" data-id=\"2599d3a\" data-element_type=\"column\">\n\t\t\t<div class=\"elementor-widget-wrap elementor-element-populated\">\n\t\t\t\t\t\t\t\t<div class=\"elementor-element elementor-element-d303375 elementor-widget elementor-widget-titolo-e-testo\" data-id=\"d303375\" data-element_type=\"widget\" data-widget_type=\"titolo-e-testo.default\">\n\t\t\t\t<div class=\"elementor-widget-container\">\n\t\t\t<div class=\"titolo-e-testo\"><div class=\"title__container\"><H3 class=\"title\" style=\"\">Sebino Express - Lombardia<\/H3><\/div><div class=\"text__container\"><div class=\"text\" style=\"\"><p>Una excursi\u00f3n al Lago d\u2019iseo a bordo de un tren hist\u00f3rico, con locomotora de vapor y vagones de los a\u00f1os 30 y 50, el Sebino Express parte tanto de Mil\u00e1n como de Brescia. El primer itinerario consiste en llegar a Paratico, municipio gemelo de Sarnico en la orilla opuesta del lago que se puede cruzar a pieen ese punto a pie gracias a un puente.<\/p><p>Quien elige la segunda ruta en cambio, parte de Brescia y llega a Pisogne, el \u00faltimo municipio bresciano a las orillas del lago de Iseo, bordeando la orilla este del Sebino y pasando por los municipios de Iseo, Sulzano y Sale Marasino, con una vista panor\u00e1mica \u00fanica, entre vi\u00f1edos y colinas con vistas a las aguas azules del lago.<\/p><p>\u00a0<\/p><p><span style=\"font-size: 16px;\">Informaciones: <\/span><a style=\"font-size: 16px; background-color: #ffffff;\" href=\"http:\/\/www.fondazionefs.it\/content\/fondazionefs\/it\/treni-storici\/2022\/9\/11\/sebino-express.html\">fondazionefs.it\/content\/fondazionefs\/it\/treni-storici\/2022\/9\/11\/sebino-express.html<\/a><\/p><\/div><\/div><\/div>\t\t<\/div>\n\t\t\t\t<\/div>\n\t\t\t\t<div class=\"elementor-element elementor-element-e7534c2 elementor-widget elementor-widget-distanziatore\" data-id=\"e7534c2\" data-element_type=\"widget\" data-widget_type=\"distanziatore.default\">\n\t\t\t\t<div class=\"elementor-widget-container\">\n\t\t\t\t\t<div class=\"distanziatore-spacer\">\n\t\t\t<div class=\"distanziatore-spacer-inner margin-piccolo\"><\/div>\n\t\t<\/div>\n\t\t\t\t<\/div>\n\t\t\t\t<\/div>\n\t\t\t\t<div class=\"elementor-element elementor-element-bc78d91 elementor-widget elementor-widget-immagine-singola\" data-id=\"bc78d91\" data-element_type=\"widget\" data-widget_type=\"immagine-singola.default\">\n\t\t\t\t<div class=\"elementor-widget-container\">\n\t\t\t<div class='container-immagine-singola'><img class='immagine-singola'  src=https:\/\/www.primigi.it\/wp-content\/uploads\/2023\/04\/Sebino-Express-Lombardia_s.jpg \/><\/div>\t\t<\/div>\n\t\t\t\t<\/div>\n\t\t\t\t<div class=\"elementor-element elementor-element-44eb2a3 elementor-widget elementor-widget-distanziatore\" data-id=\"44eb2a3\" data-element_type=\"widget\" data-widget_type=\"distanziatore.default\">\n\t\t\t\t<div class=\"elementor-widget-container\">\n\t\t\t\t\t<div class=\"distanziatore-spacer\">\n\t\t\t<div class=\"distanziatore-spacer-inner margin-piccolo\"><\/div>\n\t\t<\/div>\n\t\t\t\t<\/div>\n\t\t\t\t<\/div>\n\t\t\t\t\t<\/div>\n\t\t<\/div>\n\t\t\t\t\t\t\t<\/div>\n\t\t<\/section>\n\t\t\t\t<section class=\"elementor-section elementor-top-section elementor-element elementor-element-64eb128 elementor-section-boxed elementor-section-height-default elementor-section-height-default\" data-id=\"64eb128\" data-element_type=\"section\">\n\t\t\t\t\t\t<div class=\"elementor-container elementor-column-gap-default\">\n\t\t\t\t\t<div class=\"elementor-column elementor-col-100 elementor-top-column elementor-element elementor-element-a3ee114\" data-id=\"a3ee114\" data-element_type=\"column\">\n\t\t\t<div class=\"elementor-widget-wrap elementor-element-populated\">\n\t\t\t\t\t\t\t\t<div class=\"elementor-element elementor-element-d6cbd02 elementor-widget elementor-widget-titolo-e-testo\" data-id=\"d6cbd02\" data-element_type=\"widget\" data-widget_type=\"titolo-e-testo.default\">\n\t\t\t\t<div class=\"elementor-widget-container\">\n\t\t\t<div class=\"titolo-e-testo\"><div class=\"title__container\"><H3 class=\"title\" style=\"\">Tren Verde- Cerde\u00f1a<\/H3><\/div><div class=\"text__container\"><div class=\"text\" style=\"\"><p>Un viaje en el tiempo que tambi\u00e9n puede ser una historia de la \u00e9poca de nuestros abuelos: sin enchufes para cargar el smartphone o WIFI para ver Youtube, para ense\u00f1ar a los ni\u00f1os un nuevo concepto de calma y belleza. En el tren Verde de Cerde\u00f1a se viaja tal como se hac\u00eda hace 50 o 100 a\u00f1os, admirando el paisaje en tres tipos diferentes de itinerarios desde los m\u00e1s f\u00e1ciles (menos de una hora y media de ida y vuelta) para los m\u00e1s senderistas (1,5.2 horas por tramo, menos las posibles paradas), hasta las rutas m\u00e1s largas (3-3,5 horas por tramo), en los lugares m\u00e1s remotos y v\u00edrgenes de la isla.<\/p><p>\u00a0<\/p><p><span style=\"font-size: 16px;\">Informaciones : <\/span><a style=\"font-size: 16px; background-color: #ffffff;\" href=\"http:\/\/www.treninoverde.com\/\">treninoverde.com<\/a><\/p><\/div><\/div><\/div>\t\t<\/div>\n\t\t\t\t<\/div>\n\t\t\t\t<div class=\"elementor-element elementor-element-a35f1fa elementor-widget elementor-widget-distanziatore\" data-id=\"a35f1fa\" data-element_type=\"widget\" data-widget_type=\"distanziatore.default\">\n\t\t\t\t<div class=\"elementor-widget-container\">\n\t\t\t\t\t<div class=\"distanziatore-spacer\">\n\t\t\t<div class=\"distanziatore-spacer-inner margin-piccolo\"><\/div>\n\t\t<\/div>\n\t\t\t\t<\/div>\n\t\t\t\t<\/div>\n\t\t\t\t\t<\/div>\n\t\t<\/div>\n\t\t\t\t\t\t\t<\/div>\n\t\t<\/section>\n\t\t\t\t<section class=\"elementor-section elementor-top-section elementor-element elementor-element-dd35401 elementor-section-boxed elementor-section-height-default elementor-section-height-default\" data-id=\"dd35401\" data-element_type=\"section\">\n\t\t\t\t\t\t<div class=\"elementor-container elementor-column-gap-default\">\n\t\t\t\t\t<div class=\"elementor-column elementor-col-100 elementor-top-column elementor-element elementor-element-63b9988\" data-id=\"63b9988\" data-element_type=\"column\">\n\t\t\t<div class=\"elementor-widget-wrap elementor-element-populated\">\n\t\t\t\t\t\t\t\t<div class=\"elementor-element elementor-element-f96e408 elementor-widget elementor-widget-titolo-e-testo\" data-id=\"f96e408\" data-element_type=\"widget\" data-widget_type=\"titolo-e-testo.default\">\n\t\t\t\t<div class=\"elementor-widget-container\">\n\t\t\t<div class=\"titolo-e-testo\"><div class=\"title__container\"><H3 class=\"title\" style=\"\">La Transiberiana de Italia<\/H3><\/div><div class=\"text__container\"><div class=\"text\" style=\"\"><p>No todo el mundo lo sabe pero en Italia es posible embarcarse en una aventura en tren en el coraz\u00f3n de los Apeninos, entre monta\u00f1as altas, bosques y pueblos de piedra. Desde los rincones remotos de Irpinia hasta las ciudades hist\u00f3ricas de Abruzzo, la ruta m\u00e1s famosa y espectacular es la que une Sulmona con Isernia, t\u00e9rmino hist\u00f3rico, pasando por los 1.268 metros de Rivisoldoli.<\/p><p>A lo largo de la ruta, se pueden organizar varias v\u00edsitas guiadas para conocer el territorio de manera m\u00e1s profunda.<\/p><p>\u00a0<\/p><p><span style=\"font-size: 16px;\">Informaciones: <\/span><a style=\"font-size: 16px; background-color: #ffffff;\" href=\"https:\/\/www.latransiberianaditalia.com\/\">latransiberianaditalia.com<\/a><\/p><\/div><\/div><\/div>\t\t<\/div>\n\t\t\t\t<\/div>\n\t\t\t\t<div class=\"elementor-element elementor-element-2a35116 elementor-widget elementor-widget-distanziatore\" data-id=\"2a35116\" data-element_type=\"widget\" data-widget_type=\"distanziatore.default\">\n\t\t\t\t<div class=\"elementor-widget-container\">\n\t\t\t\t\t<div class=\"distanziatore-spacer\">\n\t\t\t<div class=\"distanziatore-spacer-inner margin-piccolo\"><\/div>\n\t\t<\/div>\n\t\t\t\t<\/div>\n\t\t\t\t<\/div>\n\t\t\t\t<div class=\"elementor-element elementor-element-7bcfcb5 elementor-widget elementor-widget-immagine-singola\" data-id=\"7bcfcb5\" data-element_type=\"widget\" data-widget_type=\"immagine-singola.default\">\n\t\t\t\t<div class=\"elementor-widget-container\">\n\t\t\t<div class='container-immagine-singola'><img class='immagine-singola'  src=https:\/\/www.primigi.it\/wp-content\/uploads\/2023\/04\/La-Transiberiana-dItalia_s.jpg \/><\/div>\t\t<\/div>\n\t\t\t\t<\/div>\n\t\t\t\t<div class=\"elementor-element elementor-element-7478084 elementor-widget elementor-widget-distanziatore\" data-id=\"7478084\" data-element_type=\"widget\" data-widget_type=\"distanziatore.default\">\n\t\t\t\t<div class=\"elementor-widget-container\">\n\t\t\t\t\t<div class=\"distanziatore-spacer\">\n\t\t\t<div class=\"distanziatore-spacer-inner margin-piccolo\"><\/div>\n\t\t<\/div>\n\t\t\t\t<\/div>\n\t\t\t\t<\/div>\n\t\t\t\t\t<\/div>\n\t\t<\/div>\n\t\t\t\t\t\t\t<\/div>\n\t\t<\/section>\n\t\t\t\t<section class=\"elementor-section elementor-top-section elementor-element elementor-element-5948c32 elementor-section-boxed elementor-section-height-default elementor-section-height-default\" data-id=\"5948c32\" data-element_type=\"section\">\n\t\t\t\t\t\t<div class=\"elementor-container elementor-column-gap-default\">\n\t\t\t\t\t<div class=\"elementor-column elementor-col-100 elementor-top-column elementor-element elementor-element-44846d4\" data-id=\"44846d4\" data-element_type=\"column\">\n\t\t\t<div class=\"elementor-widget-wrap elementor-element-populated\">\n\t\t\t\t\t\t\t\t<div class=\"elementor-element elementor-element-841afb3 elementor-widget elementor-widget-titolo-e-testo\" data-id=\"841afb3\" data-element_type=\"widget\" data-widget_type=\"titolo-e-testo.default\">\n\t\t\t\t<div class=\"elementor-widget-container\">\n\t\t\t<div class=\"titolo-e-testo\"><div class=\"title__container\"><H3 class=\"title\" style=\"\">Estilo a bordo<\/H3><\/div><div class=\"text__container\"><div class=\"text\" style=\"\"><p>Los aut\u00e9nticos viajeros se reconocen por dos rasgos inconfundibles: el equipaje super minimalista y la ropa siempre impecable y fresca incluso despu\u00e9s de horas de viaje. \u00bfEl secreto? Elecciones que favorecen la calidad, como la que encontramos en la tienda de Primigi. Materiales saves y naturales, cortes y estilos cl\u00e1sicos con detalles de color y fantasias que dan ese toque extra. Tambi\u00e9n los zapatos, comod\u00edsimos y perfectos para subir a bordo, descubrir lugares maravillosos y vivir experiencias inolvidables.<\/p><p>\u00a0<\/p><p>*Art\u00edculo escrito en colaboraci\u00f3n con <strong><a href=\"https:\/\/www.giovanigenitori.it\/\" target=\"_blank\" rel=\"alternate noopener noreferrer\">Giovani Genitori<\/a><\/strong><\/p><\/div><\/div><\/div>\t\t<\/div>\n\t\t\t\t<\/div>\n\t\t\t\t\t<\/div>\n\t\t<\/div>\n\t\t\t\t\t\t\t<\/div>\n\t\t<\/section>\n\t\t\t\t\t\t\t<\/div>\n\t\t","protected":false},"excerpt":{"rendered":"<p>El encanto del tren es capaz de transportar a todos a la infancia. \u201cChu chu\u201d hac\u00edan nuestros padres cuando mov\u00edan el trenecillo con las manos a trav\u00e9s de una v\u00eda imaginaria, igual que el que nosotros control\u00e1bamos a distancia en las primeras v\u00edas el\u00e9ctricas. Incluso el que dirigne nuestros hijos en los videojuegos produce el &hellip;<\/p>\n<p class=\"read-more\"> <a class=\"\" href=\"https:\/\/www.primigi.it\/es\/mama-lo-sabes\/viajar-juntas\/en-tren-las-rutas-mas-bellas-de-europa\/\"> <span class=\"screen-reader-text\">En tren: las rutas m\u00e1s bellas de Europa<\/span> Leer m\u00e1s \u00bb<\/a><\/p>\n","protected":false},"author":4,"featured_media":7591,"comment_status":"open","ping_status":"open","sticky":false,"template":"","format":"standard","meta":{"site-sidebar-layout":"default","site-content-layout":"default","ast-global-header-display":"","ast-banner-title-visibility":"","ast-main-header-display":"","ast-hfb-above-header-display":"","ast-hfb-below-header-display":"","ast-hfb-mobile-header-display":"","site-post-title":"","ast-breadcrumbs-content":"","ast-featured-img":"","footer-sml-layout":"","theme-transparent-header-meta":"default","adv-header-id-meta":"","stick-header-meta":"","header-above-stick-meta":"","header-main-stick-meta":"","header-below-stick-meta":""},"categories":[37],"tags":[],"acf":[],"yoast_head":"<!-- This site is optimized with the Yoast SEO plugin v20.11 - https:\/\/yoast.com\/wordpress\/plugins\/seo\/ -->\n<title>En tren: las rutas m\u00e1s bellas de Europa - Primigi<\/title>\n<meta name=\"description\" content=\"Primigi - Primigi - Rutas espectaculares, divertidas, especiales, ideales para ni\u00f1os El encanto del tren es capaz de transportar a todos a la infancia.\" \/>\n<meta name=\"robots\" content=\"index, follow, max-snippet:-1, max-image-preview:large, max-video-preview:-1\" \/>\n<link rel=\"canonical\" href=\"https:\/\/www.primigi.it\/es\/mama-lo-sabes\/viajar-juntas\/en-tren-las-rutas-mas-bellas-de-europa\/\" \/>\n<meta property=\"og:locale\" content=\"es_ES\" \/>\n<meta property=\"og:type\" content=\"article\" \/>\n<meta property=\"og:title\" content=\"En tren: las rutas m\u00e1s bellas de Europa - Primigi\" \/>\n<meta property=\"og:description\" content=\"Primigi - Primigi - Rutas espectaculares, divertidas, especiales, ideales para ni\u00f1os El encanto del tren es capaz de transportar a todos a la infancia.\" \/>\n<meta property=\"og:url\" content=\"https:\/\/www.primigi.it\/es\/mama-lo-sabes\/viajar-juntas\/en-tren-las-rutas-mas-bellas-de-europa\/\" \/>\n<meta property=\"og:site_name\" content=\"Primigi\" \/>\n<meta property=\"article:published_time\" content=\"2023-11-10T18:13:41+00:00\" \/>\n<meta property=\"article:modified_time\" content=\"2023-12-14T12:01:06+00:00\" \/>\n<meta property=\"og:image\" content=\"https:\/\/www.primigi.it\/wp-content\/uploads\/2023\/04\/76a9f3192c11f934bf5a64b69258bd06_XL.jpg\" \/>\n\t<meta property=\"og:image:width\" content=\"1920\" \/>\n\t<meta property=\"og:image:height\" content=\"768\" \/>\n\t<meta property=\"og:image:type\" content=\"image\/jpeg\" \/>\n<meta name=\"author\" content=\"Alessandra Spiezia\" \/>\n<meta name=\"twitter:card\" content=\"summary_large_image\" \/>\n<meta name=\"twitter:label1\" content=\"Escrito por\" \/>\n\t<meta name=\"twitter:data1\" content=\"Alessandra Spiezia\" \/>\n\t<meta name=\"twitter:label2\" content=\"Tiempo de lectura\" \/>\n\t<meta name=\"twitter:data2\" content=\"8 minutos\" \/>\n<script type=\"application\/ld+json\" class=\"yoast-schema-graph\">{\"@context\":\"https:\/\/schema.org\",\"@graph\":[{\"@type\":\"Article\",\"@id\":\"https:\/\/www.primigi.it\/es\/mama-lo-sabes\/viajar-juntas\/en-tren-las-rutas-mas-bellas-de-europa\/#article\",\"isPartOf\":{\"@id\":\"https:\/\/www.primigi.it\/es\/mama-lo-sabes\/viajar-juntas\/en-tren-las-rutas-mas-bellas-de-europa\/\"},\"author\":{\"name\":\"Alessandra Spiezia\",\"@id\":\"https:\/\/www.primigi.it\/es\/#\/schema\/person\/946130f37c7995e42e774e30e8117be1\"},\"headline\":\"En tren: las rutas m\u00e1s bellas de Europa\",\"datePublished\":\"2023-11-10T18:13:41+00:00\",\"dateModified\":\"2023-12-14T12:01:06+00:00\",\"mainEntityOfPage\":{\"@id\":\"https:\/\/www.primigi.it\/es\/mama-lo-sabes\/viajar-juntas\/en-tren-las-rutas-mas-bellas-de-europa\/\"},\"wordCount\":1340,\"commentCount\":0,\"publisher\":{\"@id\":\"https:\/\/www.primigi.it\/es\/#organization\"},\"articleSection\":[\"Viaggiare insieme\"],\"inLanguage\":\"es\",\"potentialAction\":[{\"@type\":\"CommentAction\",\"name\":\"Comment\",\"target\":[\"https:\/\/www.primigi.it\/es\/mama-lo-sabes\/viajar-juntas\/en-tren-las-rutas-mas-bellas-de-europa\/#respond\"]}]},{\"@type\":\"WebPage\",\"@id\":\"https:\/\/www.primigi.it\/es\/mama-lo-sabes\/viajar-juntas\/en-tren-las-rutas-mas-bellas-de-europa\/\",\"url\":\"https:\/\/www.primigi.it\/es\/mama-lo-sabes\/viajar-juntas\/en-tren-las-rutas-mas-bellas-de-europa\/\",\"name\":\"En tren: las rutas m\u00e1s bellas de Europa - Primigi\",\"isPartOf\":{\"@id\":\"https:\/\/www.primigi.it\/es\/#website\"},\"datePublished\":\"2023-11-10T18:13:41+00:00\",\"dateModified\":\"2023-12-14T12:01:06+00:00\",\"description\":\"Primigi - Primigi - Rutas espectaculares, divertidas, especiales, ideales para ni\u00f1os El encanto del tren es capaz de transportar a todos a la infancia.\",\"breadcrumb\":{\"@id\":\"https:\/\/www.primigi.it\/es\/mama-lo-sabes\/viajar-juntas\/en-tren-las-rutas-mas-bellas-de-europa\/#breadcrumb\"},\"inLanguage\":\"es\",\"potentialAction\":[{\"@type\":\"ReadAction\",\"target\":[\"https:\/\/www.primigi.it\/es\/mama-lo-sabes\/viajar-juntas\/en-tren-las-rutas-mas-bellas-de-europa\/\"]}]},{\"@type\":\"BreadcrumbList\",\"@id\":\"https:\/\/www.primigi.it\/es\/mama-lo-sabes\/viajar-juntas\/en-tren-las-rutas-mas-bellas-de-europa\/#breadcrumb\",\"itemListElement\":[{\"@type\":\"ListItem\",\"position\":1,\"name\":\"Home\",\"item\":\"https:\/\/www.primigi.it\/es\/\"},{\"@type\":\"ListItem\",\"position\":2,\"name\":\"En tren: las rutas m\u00e1s bellas de Europa\"}]},{\"@type\":\"WebSite\",\"@id\":\"https:\/\/www.primigi.it\/es\/#website\",\"url\":\"https:\/\/www.primigi.it\/es\/\",\"name\":\"Primigi\",\"description\":\"Scarpe e abbigliamento per bambino e bambina\",\"publisher\":{\"@id\":\"https:\/\/www.primigi.it\/es\/#organization\"},\"potentialAction\":[{\"@type\":\"SearchAction\",\"target\":{\"@type\":\"EntryPoint\",\"urlTemplate\":\"https:\/\/www.primigi.it\/es\/?s={search_term_string}\"},\"query-input\":\"required name=search_term_string\"}],\"inLanguage\":\"es\"},{\"@type\":\"Organization\",\"@id\":\"https:\/\/www.primigi.it\/es\/#organization\",\"name\":\"Primigi\",\"url\":\"https:\/\/www.primigi.it\/es\/\",\"logo\":{\"@type\":\"ImageObject\",\"inLanguage\":\"es\",\"@id\":\"https:\/\/www.primigi.it\/es\/#\/schema\/logo\/image\/\",\"url\":\"https:\/\/www.primigi.it\/wp-content\/uploads\/2023\/03\/cropped-Primigi_logo50_vert-200.png\",\"contentUrl\":\"https:\/\/www.primigi.it\/wp-content\/uploads\/2023\/03\/cropped-Primigi_logo50_vert-200.png\",\"width\":200,\"height\":208,\"caption\":\"Primigi\"},\"image\":{\"@id\":\"https:\/\/www.primigi.it\/es\/#\/schema\/logo\/image\/\"}},{\"@type\":\"Person\",\"@id\":\"https:\/\/www.primigi.it\/es\/#\/schema\/person\/946130f37c7995e42e774e30e8117be1\",\"name\":\"Alessandra Spiezia\",\"image\":{\"@type\":\"ImageObject\",\"inLanguage\":\"es\",\"@id\":\"https:\/\/www.primigi.it\/es\/#\/schema\/person\/image\/\",\"url\":\"https:\/\/www.primigi.it\/wp-content\/litespeed\/avatar\/57f9e4600e30cab6a653c3f9fa1b2d03.jpg?ver=1777552058\",\"contentUrl\":\"https:\/\/www.primigi.it\/wp-content\/litespeed\/avatar\/57f9e4600e30cab6a653c3f9fa1b2d03.jpg?ver=1777552058\",\"caption\":\"Alessandra Spiezia\"}}]}<\/script>\n<!-- \/ Yoast SEO plugin. -->","yoast_head_json":{"title":"En tren: las rutas m\u00e1s bellas de Europa - Primigi","description":"Primigi - Primigi - Rutas espectaculares, divertidas, especiales, ideales para ni\u00f1os El encanto del tren es capaz de transportar a todos a la infancia.","robots":{"index":"index","follow":"follow","max-snippet":"max-snippet:-1","max-image-preview":"max-image-preview:large","max-video-preview":"max-video-preview:-1"},"canonical":"https:\/\/www.primigi.it\/es\/mama-lo-sabes\/viajar-juntas\/en-tren-las-rutas-mas-bellas-de-europa\/","og_locale":"es_ES","og_type":"article","og_title":"En tren: las rutas m\u00e1s bellas de Europa - Primigi","og_description":"Primigi - Primigi - Rutas espectaculares, divertidas, especiales, ideales para ni\u00f1os El encanto del tren es capaz de transportar a todos a la infancia.","og_url":"https:\/\/www.primigi.it\/es\/mama-lo-sabes\/viajar-juntas\/en-tren-las-rutas-mas-bellas-de-europa\/","og_site_name":"Primigi","article_published_time":"2023-11-10T18:13:41+00:00","article_modified_time":"2023-12-14T12:01:06+00:00","og_image":[{"width":1920,"height":768,"url":"https:\/\/www.primigi.it\/wp-content\/uploads\/2023\/04\/76a9f3192c11f934bf5a64b69258bd06_XL.jpg","type":"image\/jpeg"}],"author":"Alessandra Spiezia","twitter_card":"summary_large_image","twitter_misc":{"Escrito por":"Alessandra Spiezia","Tiempo de lectura":"8 minutos"},"schema":{"@context":"https:\/\/schema.org","@graph":[{"@type":"Article","@id":"https:\/\/www.primigi.it\/es\/mama-lo-sabes\/viajar-juntas\/en-tren-las-rutas-mas-bellas-de-europa\/#article","isPartOf":{"@id":"https:\/\/www.primigi.it\/es\/mama-lo-sabes\/viajar-juntas\/en-tren-las-rutas-mas-bellas-de-europa\/"},"author":{"name":"Alessandra Spiezia","@id":"https:\/\/www.primigi.it\/es\/#\/schema\/person\/946130f37c7995e42e774e30e8117be1"},"headline":"En tren: las rutas m\u00e1s bellas de Europa","datePublished":"2023-11-10T18:13:41+00:00","dateModified":"2023-12-14T12:01:06+00:00","mainEntityOfPage":{"@id":"https:\/\/www.primigi.it\/es\/mama-lo-sabes\/viajar-juntas\/en-tren-las-rutas-mas-bellas-de-europa\/"},"wordCount":1340,"commentCount":0,"publisher":{"@id":"https:\/\/www.primigi.it\/es\/#organization"},"articleSection":["Viaggiare insieme"],"inLanguage":"es","potentialAction":[{"@type":"CommentAction","name":"Comment","target":["https:\/\/www.primigi.it\/es\/mama-lo-sabes\/viajar-juntas\/en-tren-las-rutas-mas-bellas-de-europa\/#respond"]}]},{"@type":"WebPage","@id":"https:\/\/www.primigi.it\/es\/mama-lo-sabes\/viajar-juntas\/en-tren-las-rutas-mas-bellas-de-europa\/","url":"https:\/\/www.primigi.it\/es\/mama-lo-sabes\/viajar-juntas\/en-tren-las-rutas-mas-bellas-de-europa\/","name":"En tren: las rutas m\u00e1s bellas de Europa - Primigi","isPartOf":{"@id":"https:\/\/www.primigi.it\/es\/#website"},"datePublished":"2023-11-10T18:13:41+00:00","dateModified":"2023-12-14T12:01:06+00:00","description":"Primigi - Primigi - Rutas espectaculares, divertidas, especiales, ideales para ni\u00f1os El encanto del tren es capaz de transportar a todos a la infancia.","breadcrumb":{"@id":"https:\/\/www.primigi.it\/es\/mama-lo-sabes\/viajar-juntas\/en-tren-las-rutas-mas-bellas-de-europa\/#breadcrumb"},"inLanguage":"es","potentialAction":[{"@type":"ReadAction","target":["https:\/\/www.primigi.it\/es\/mama-lo-sabes\/viajar-juntas\/en-tren-las-rutas-mas-bellas-de-europa\/"]}]},{"@type":"BreadcrumbList","@id":"https:\/\/www.primigi.it\/es\/mama-lo-sabes\/viajar-juntas\/en-tren-las-rutas-mas-bellas-de-europa\/#breadcrumb","itemListElement":[{"@type":"ListItem","position":1,"name":"Home","item":"https:\/\/www.primigi.it\/es\/"},{"@type":"ListItem","position":2,"name":"En tren: las rutas m\u00e1s bellas de Europa"}]},{"@type":"WebSite","@id":"https:\/\/www.primigi.it\/es\/#website","url":"https:\/\/www.primigi.it\/es\/","name":"Primigi","description":"Scarpe e abbigliamento per bambino e bambina","publisher":{"@id":"https:\/\/www.primigi.it\/es\/#organization"},"potentialAction":[{"@type":"SearchAction","target":{"@type":"EntryPoint","urlTemplate":"https:\/\/www.primigi.it\/es\/?s={search_term_string}"},"query-input":"required name=search_term_string"}],"inLanguage":"es"},{"@type":"Organization","@id":"https:\/\/www.primigi.it\/es\/#organization","name":"Primigi","url":"https:\/\/www.primigi.it\/es\/","logo":{"@type":"ImageObject","inLanguage":"es","@id":"https:\/\/www.primigi.it\/es\/#\/schema\/logo\/image\/","url":"https:\/\/www.primigi.it\/wp-content\/uploads\/2023\/03\/cropped-Primigi_logo50_vert-200.png","contentUrl":"https:\/\/www.primigi.it\/wp-content\/uploads\/2023\/03\/cropped-Primigi_logo50_vert-200.png","width":200,"height":208,"caption":"Primigi"},"image":{"@id":"https:\/\/www.primigi.it\/es\/#\/schema\/logo\/image\/"}},{"@type":"Person","@id":"https:\/\/www.primigi.it\/es\/#\/schema\/person\/946130f37c7995e42e774e30e8117be1","name":"Alessandra Spiezia","image":{"@type":"ImageObject","inLanguage":"es","@id":"https:\/\/www.primigi.it\/es\/#\/schema\/person\/image\/","url":"https:\/\/www.primigi.it\/wp-content\/litespeed\/avatar\/57f9e4600e30cab6a653c3f9fa1b2d03.jpg?ver=1777552058","contentUrl":"https:\/\/www.primigi.it\/wp-content\/litespeed\/avatar\/57f9e4600e30cab6a653c3f9fa1b2d03.jpg?ver=1777552058","caption":"Alessandra Spiezia"}}]}},"wpml_current_locale":"es_ES","wpml_translations":{"it_IT":{"locale":"it_IT","id":6798,"slug":"in-treno-i-percorsi-piu-belli-deuropa","post_title":"In treno: i percorsi pi\u00f9 belli d\u2019Europa","href":"https:\/\/www.primigi.it\/mamma-lo-sai-che\/viaggiare-insieme\/in-treno-i-percorsi-piu-belli-deuropa\/"},"en_US":{"locale":"en_US","id":26480,"slug":"in-treno-i-percorsi-piu-belli-deuropa","post_title":"By train: the most wonderful routes of Europe.","href":"https:\/\/www.primigi.it\/en\/mum-do-you-know\/travelling-together\/in-treno-i-percorsi-piu-belli-deuropa\/"},"fr_FR":{"locale":"fr_FR","id":26485,"slug":"en-train-les-parcours-les-plus-beaux-en-europe","post_title":"En train: les parcours les plus beaux en Europe","href":"https:\/\/www.primigi.it\/fr\/tu-sais-maman\/voyager-ensemble\/en-train-les-parcours-les-plus-beaux-en-europe\/"},"de_DE":{"locale":"de_DE","id":26487,"slug":"im-zug-die-schoensten-strecken-europas","post_title":"Im Zug: die sch\u00f6nsten Strecken Europas","href":"https:\/\/www.primigi.it\/de\/mama-du-weisst-dass\/gemeinsam-reisen\/im-zug-die-schoensten-strecken-europas\/"},"ru_RU":{"locale":"ru_RU","id":26489,"slug":"%d0%b2-%d0%bf%d0%be%d0%b5%d0%b7%d0%b4%d0%b5-%d1%81%d0%b0%d0%bc%d1%8b%d0%b5-%d0%ba%d1%80%d0%b0%d1%81%d0%b8%d0%b2%d1%8b%d0%b5-%d0%bc%d0%b0%d1%80%d1%88%d1%80%d1%83%d1%82%d1%8b-%d0%b2-%d0%b5%d0%b2%d1%80","post_title":"\u0412 \u043f\u043e\u0435\u0437\u0434\u0435: \u0441\u0430\u043c\u044b\u0435 \u043a\u0440\u0430\u0441\u0438\u0432\u044b\u0435 \u043c\u0430\u0440\u0448\u0440\u0443\u0442\u044b \u0432 \u0415\u0432\u0440\u043e\u043f\u0435","href":"https:\/\/www.primigi.it\/ru\/%D0%BC%D0%B0%D0%BC%D0%B0-%D1%82%D1%8B-%D0%B7%D0%BD%D0%B0%D0%B5%D1%88%D1%8C-%D1%87%D1%82%D0%BE\/%D0%BF%D1%83%D1%82%D0%B5%D1%88%D0%B5%D1%81%D1%82%D0%B2%D1%83%D0%B9%D1%82%D0%B5-%D0%B2%D0%BC%D0%B5%D1%81%D1%82%D0%B5\/%D0%B2-%D0%BF%D0%BE%D0%B5%D0%B7%D0%B4%D0%B5-%D1%81%D0%B0%D0%BC%D1%8B%D0%B5-%D0%BA%D1%80%D0%B0%D1%81%D0%B8%D0%B2%D1%8B%D0%B5-%D0%BC%D0%B0%D1%80%D1%88%D1%80%D1%83%D1%82%D1%8B-%D0%B2-%D0%B5%D0%B2%D1%80\/"}},"_links":{"self":[{"href":"https:\/\/www.primigi.it\/es\/wp-json\/wp\/v2\/posts\/26493"}],"collection":[{"href":"https:\/\/www.primigi.it\/es\/wp-json\/wp\/v2\/posts"}],"about":[{"href":"https:\/\/www.primigi.it\/es\/wp-json\/wp\/v2\/types\/post"}],"author":[{"embeddable":true,"href":"https:\/\/www.primigi.it\/es\/wp-json\/wp\/v2\/users\/4"}],"replies":[{"embeddable":true,"href":"https:\/\/www.primigi.it\/es\/wp-json\/wp\/v2\/comments?post=26493"}],"version-history":[{"count":12,"href":"https:\/\/www.primigi.it\/es\/wp-json\/wp\/v2\/posts\/26493\/revisions"}],"predecessor-version":[{"id":26605,"href":"https:\/\/www.primigi.it\/es\/wp-json\/wp\/v2\/posts\/26493\/revisions\/26605"}],"wp:featuredmedia":[{"embeddable":true,"href":"https:\/\/www.primigi.it\/es\/wp-json\/wp\/v2\/media\/7591"}],"wp:attachment":[{"href":"https:\/\/www.primigi.it\/es\/wp-json\/wp\/v2\/media?parent=26493"}],"wp:term":[{"taxonomy":"category","embeddable":true,"href":"https:\/\/www.primigi.it\/es\/wp-json\/wp\/v2\/categories?post=26493"},{"taxonomy":"post_tag","embeddable":true,"href":"https:\/\/www.primigi.it\/es\/wp-json\/wp\/v2\/tags?post=26493"}],"curies":[{"name":"wp","href":"https:\/\/api.w.org\/{rel}","templated":true}]}}