{"id":10581,"date":"2013-09-06T14:41:52","date_gmt":"2013-09-06T12:41:52","guid":{"rendered":"http:\/\/wp.primigi.it\/la-plantilla-no-es-un-accesorio\/"},"modified":"2023-05-05T10:43:15","modified_gmt":"2023-05-05T08:43:15","slug":"la-plantilla-no-es-un-accesorio","status":"publish","type":"post","link":"https:\/\/www.primigi.it\/es\/mama-lo-sabes\/crecer\/la-plantilla-no-es-un-accesorio\/","title":{"rendered":"La plantilla no es un accesorio"},"content":{"rendered":"\t\t<div data-elementor-type=\"wp-post\" data-elementor-id=\"10581\" class=\"elementor elementor-10581 elementor-9100\" data-elementor-post-type=\"post\">\n\t\t\t\t\t\t\t\t\t<section class=\"elementor-section elementor-top-section elementor-element elementor-element-f99ec40 elementor-section-boxed elementor-section-height-default elementor-section-height-default\" data-id=\"f99ec40\" data-element_type=\"section\">\n\t\t\t\t\t\t<div class=\"elementor-container elementor-column-gap-default\">\n\t\t\t\t\t<div class=\"elementor-column elementor-col-100 elementor-top-column elementor-element elementor-element-b5c0dc4\" data-id=\"b5c0dc4\" data-element_type=\"column\">\n\t\t\t<div class=\"elementor-widget-wrap elementor-element-populated\">\n\t\t\t\t\t\t\t\t<div class=\"elementor-element elementor-element-eef4864 elementor-widget elementor-widget-titolo-e-testo\" data-id=\"eef4864\" data-element_type=\"widget\" data-widget_type=\"titolo-e-testo.default\">\n\t\t\t\t<div class=\"elementor-widget-container\">\n\t\t\t<div class=\"titolo-e-testo\"><div class=\"text__container\"><div class=\"text\" style=\"\"><p><strong>Los ni\u00f1os peque\u00f1os tienen pie plano.<br \/>Es normal que as\u00ed sea y hasta los tres a\u00f1os realmente no hay motivo para preocuparse.<\/strong>\u00a0<\/p><p>\u00a0<\/p><p>De hecho, s\u00f3lo durante el desarrollo m\u00fasculo-esquel\u00e9tico se forma el arco longitudinal debajo de la planta del pie. Cuando esto no sucede, la mayor\u00eda de las veces se interviene introduciendo plantillas en los zapatos del ni\u00f1o, que sirven para dar apoyo al pie, para corregir la ausencia del arco longitudinal y para mejorar la funci\u00f3n motora. Por lo tanto, la plantilla es un auxilio m\u00e9dico que debe utilizarse s\u00f3lo si se diagnostica fehacientemente un caso de pie plano. Y es por ello que no puede incluirse, como con frecuencia esperan muchos padres, en todos los zapatos para ni\u00f1os.<\/p><p>\u00a0<\/p><p>En efecto, una plantilla debe tener en cuenta las caracter\u00edsticas del pie en el cual va a ser usada y es por eso que su fabricaci\u00f3n correcta necesita varias mediciones y la realizaci\u00f3n de un molde de yeso del pie. El uso de plantillas prefabricadas o con medidas est\u00e1ndar es hoy en d\u00eda desaconsejado por los ortop\u00e9dicos. Adem\u00e1s no se debe olvidar que trat\u00e1ndose de ni\u00f1os, la soluci\u00f3n a trav\u00e9s de una plantilla requiere controles peri\u00f3dicos cada 4\/6 meses, para comprobar la funcionalidad respecto del r\u00e1pido crecimiento del pie. As\u00ed como tambi\u00e9n es indispensable tener en cuenta que, seg\u00fan las \u00faltimas indicaciones m\u00e9dicas para corregir el pie plano, la utilizaci\u00f3n de una plantilla siempre debe complementarse con un programa de ejercicios de recuperaci\u00f3n funcional.<\/p><p>\u00a0<\/p><p>Los zapatos para los ni\u00f1os, salvo si son requeridos expresamente por el ortop\u00e9dico debido a patolog\u00edas serias, no deben tener una plantilla estructurada, sino s\u00f3lo una suave plantilla de piel que les permita un apoyo confortable.\u00a0<\/p><p><strong>Siempre se debe privilegiar la plantilla de piel por su semejanza funcional con la epidermis del pie humano.<\/strong><\/p><\/div><\/div><\/div>\t\t<\/div>\n\t\t\t\t<\/div>\n\t\t\t\t\t<\/div>\n\t\t<\/div>\n\t\t\t\t\t\t\t<\/div>\n\t\t<\/section>\n\t\t\t\t\t\t\t<\/div>\n\t\t","protected":false},"excerpt":{"rendered":"<p>Los ni\u00f1os peque\u00f1os tienen pie plano.Es normal que as\u00ed sea y hasta los tres a\u00f1os realmente no hay motivo para preocuparse.\u00a0 \u00a0 De hecho, s\u00f3lo durante el desarrollo m\u00fasculo-esquel\u00e9tico se forma el arco longitudinal debajo de la planta del pie. Cuando esto no sucede, la mayor\u00eda de las veces se interviene introduciendo plantillas en los &hellip;<\/p>\n<p class=\"read-more\"> <a class=\"\" href=\"https:\/\/www.primigi.it\/es\/mama-lo-sabes\/crecer\/la-plantilla-no-es-un-accesorio\/\"> <span class=\"screen-reader-text\">La plantilla no es un accesorio<\/span> Leer m\u00e1s \u00bb<\/a><\/p>\n","protected":false},"author":4,"featured_media":9106,"comment_status":"open","ping_status":"open","sticky":false,"template":"","format":"standard","meta":{"site-sidebar-layout":"default","site-content-layout":"default","ast-global-header-display":"","ast-banner-title-visibility":"","ast-main-header-display":"","ast-hfb-above-header-display":"","ast-hfb-below-header-display":"","ast-hfb-mobile-header-display":"","site-post-title":"","ast-breadcrumbs-content":"","ast-featured-img":"","footer-sml-layout":"","theme-transparent-header-meta":"default","adv-header-id-meta":"","stick-header-meta":"","header-above-stick-meta":"","header-main-stick-meta":"","header-below-stick-meta":""},"categories":[63],"tags":[],"acf":[],"yoast_head":"<!-- This site is optimized with the Yoast SEO plugin v20.11 - https:\/\/yoast.com\/wordpress\/plugins\/seo\/ -->\n<title>La plantilla no es un accesorio - Primigi<\/title>\n<meta name=\"description\" content=\"Primigi - La plantilla no es un accesorio - Los ni\u00f1os peque\u00f1os tienen pie plano. Es normal: hasta los tres a\u00f1os realmente no hay motivo para preocuparse.\" \/>\n<meta name=\"robots\" content=\"index, follow, max-snippet:-1, max-image-preview:large, max-video-preview:-1\" \/>\n<link rel=\"canonical\" href=\"https:\/\/www.primigi.it\/es\/mama-lo-sabes\/crecer\/la-plantilla-no-es-un-accesorio\/\" \/>\n<meta property=\"og:locale\" content=\"es_ES\" \/>\n<meta property=\"og:type\" content=\"article\" \/>\n<meta property=\"og:title\" content=\"La plantilla no es un accesorio - Primigi\" \/>\n<meta property=\"og:description\" content=\"Primigi - La plantilla no es un accesorio - Los ni\u00f1os peque\u00f1os tienen pie plano. Es normal: hasta los tres a\u00f1os realmente no hay motivo para preocuparse.\" \/>\n<meta property=\"og:url\" content=\"https:\/\/www.primigi.it\/es\/mama-lo-sabes\/crecer\/la-plantilla-no-es-un-accesorio\/\" \/>\n<meta property=\"og:site_name\" content=\"Primigi\" \/>\n<meta property=\"article:published_time\" content=\"2013-09-06T12:41:52+00:00\" \/>\n<meta property=\"article:modified_time\" content=\"2023-05-05T08:43:15+00:00\" \/>\n<meta property=\"og:image\" content=\"https:\/\/www.primigi.it\/wp-content\/uploads\/2023\/04\/19f9cefdfb07230a68581d617885a3af_XL.jpg\" \/>\n\t<meta property=\"og:image:width\" content=\"1920\" \/>\n\t<meta property=\"og:image:height\" content=\"768\" \/>\n\t<meta property=\"og:image:type\" content=\"image\/jpeg\" \/>\n<meta name=\"author\" content=\"Alessandra Spiezia\" \/>\n<meta name=\"twitter:card\" content=\"summary_large_image\" \/>\n<meta name=\"twitter:label1\" content=\"Escrito por\" \/>\n\t<meta name=\"twitter:data1\" content=\"Alessandra Spiezia\" \/>\n\t<meta name=\"twitter:label2\" content=\"Tiempo de lectura\" \/>\n\t<meta name=\"twitter:data2\" content=\"2 minutos\" \/>\n<script type=\"application\/ld+json\" class=\"yoast-schema-graph\">{\"@context\":\"https:\/\/schema.org\",\"@graph\":[{\"@type\":\"Article\",\"@id\":\"https:\/\/www.primigi.it\/es\/mama-lo-sabes\/crecer\/la-plantilla-no-es-un-accesorio\/#article\",\"isPartOf\":{\"@id\":\"https:\/\/www.primigi.it\/es\/mama-lo-sabes\/crecer\/la-plantilla-no-es-un-accesorio\/\"},\"author\":{\"name\":\"Alessandra Spiezia\",\"@id\":\"https:\/\/www.primigi.it\/es\/#\/schema\/person\/946130f37c7995e42e774e30e8117be1\"},\"headline\":\"La plantilla no es un accesorio\",\"datePublished\":\"2013-09-06T12:41:52+00:00\",\"dateModified\":\"2023-05-05T08:43:15+00:00\",\"mainEntityOfPage\":{\"@id\":\"https:\/\/www.primigi.it\/es\/mama-lo-sabes\/crecer\/la-plantilla-no-es-un-accesorio\/\"},\"wordCount\":337,\"commentCount\":0,\"publisher\":{\"@id\":\"https:\/\/www.primigi.it\/es\/#organization\"},\"articleSection\":[\"Crecer\"],\"inLanguage\":\"es\",\"potentialAction\":[{\"@type\":\"CommentAction\",\"name\":\"Comment\",\"target\":[\"https:\/\/www.primigi.it\/es\/mama-lo-sabes\/crecer\/la-plantilla-no-es-un-accesorio\/#respond\"]}]},{\"@type\":\"WebPage\",\"@id\":\"https:\/\/www.primigi.it\/es\/mama-lo-sabes\/crecer\/la-plantilla-no-es-un-accesorio\/\",\"url\":\"https:\/\/www.primigi.it\/es\/mama-lo-sabes\/crecer\/la-plantilla-no-es-un-accesorio\/\",\"name\":\"La plantilla no es un accesorio - Primigi\",\"isPartOf\":{\"@id\":\"https:\/\/www.primigi.it\/es\/#website\"},\"datePublished\":\"2013-09-06T12:41:52+00:00\",\"dateModified\":\"2023-05-05T08:43:15+00:00\",\"description\":\"Primigi - La plantilla no es un accesorio - Los ni\u00f1os peque\u00f1os tienen pie plano. Es normal: hasta los tres a\u00f1os realmente no hay motivo para preocuparse.\",\"breadcrumb\":{\"@id\":\"https:\/\/www.primigi.it\/es\/mama-lo-sabes\/crecer\/la-plantilla-no-es-un-accesorio\/#breadcrumb\"},\"inLanguage\":\"es\",\"potentialAction\":[{\"@type\":\"ReadAction\",\"target\":[\"https:\/\/www.primigi.it\/es\/mama-lo-sabes\/crecer\/la-plantilla-no-es-un-accesorio\/\"]}]},{\"@type\":\"BreadcrumbList\",\"@id\":\"https:\/\/www.primigi.it\/es\/mama-lo-sabes\/crecer\/la-plantilla-no-es-un-accesorio\/#breadcrumb\",\"itemListElement\":[{\"@type\":\"ListItem\",\"position\":1,\"name\":\"Home\",\"item\":\"https:\/\/www.primigi.it\/es\/\"},{\"@type\":\"ListItem\",\"position\":2,\"name\":\"La plantilla no es un accesorio\"}]},{\"@type\":\"WebSite\",\"@id\":\"https:\/\/www.primigi.it\/es\/#website\",\"url\":\"https:\/\/www.primigi.it\/es\/\",\"name\":\"Primigi\",\"description\":\"Scarpe e abbigliamento per bambino e bambina\",\"publisher\":{\"@id\":\"https:\/\/www.primigi.it\/es\/#organization\"},\"potentialAction\":[{\"@type\":\"SearchAction\",\"target\":{\"@type\":\"EntryPoint\",\"urlTemplate\":\"https:\/\/www.primigi.it\/es\/?s={search_term_string}\"},\"query-input\":\"required name=search_term_string\"}],\"inLanguage\":\"es\"},{\"@type\":\"Organization\",\"@id\":\"https:\/\/www.primigi.it\/es\/#organization\",\"name\":\"Primigi\",\"url\":\"https:\/\/www.primigi.it\/es\/\",\"logo\":{\"@type\":\"ImageObject\",\"inLanguage\":\"es\",\"@id\":\"https:\/\/www.primigi.it\/es\/#\/schema\/logo\/image\/\",\"url\":\"https:\/\/www.primigi.it\/wp-content\/uploads\/2023\/03\/cropped-Primigi_logo50_vert-200.png\",\"contentUrl\":\"https:\/\/www.primigi.it\/wp-content\/uploads\/2023\/03\/cropped-Primigi_logo50_vert-200.png\",\"width\":200,\"height\":208,\"caption\":\"Primigi\"},\"image\":{\"@id\":\"https:\/\/www.primigi.it\/es\/#\/schema\/logo\/image\/\"}},{\"@type\":\"Person\",\"@id\":\"https:\/\/www.primigi.it\/es\/#\/schema\/person\/946130f37c7995e42e774e30e8117be1\",\"name\":\"Alessandra Spiezia\",\"image\":{\"@type\":\"ImageObject\",\"inLanguage\":\"es\",\"@id\":\"https:\/\/www.primigi.it\/es\/#\/schema\/person\/image\/\",\"url\":\"https:\/\/www.primigi.it\/wp-content\/litespeed\/avatar\/57f9e4600e30cab6a653c3f9fa1b2d03.jpg?ver=1776947207\",\"contentUrl\":\"https:\/\/www.primigi.it\/wp-content\/litespeed\/avatar\/57f9e4600e30cab6a653c3f9fa1b2d03.jpg?ver=1776947207\",\"caption\":\"Alessandra Spiezia\"}}]}<\/script>\n<!-- \/ Yoast SEO plugin. -->","yoast_head_json":{"title":"La plantilla no es un accesorio - Primigi","description":"Primigi - La plantilla no es un accesorio - Los ni\u00f1os peque\u00f1os tienen pie plano. Es normal: hasta los tres a\u00f1os realmente no hay motivo para preocuparse.","robots":{"index":"index","follow":"follow","max-snippet":"max-snippet:-1","max-image-preview":"max-image-preview:large","max-video-preview":"max-video-preview:-1"},"canonical":"https:\/\/www.primigi.it\/es\/mama-lo-sabes\/crecer\/la-plantilla-no-es-un-accesorio\/","og_locale":"es_ES","og_type":"article","og_title":"La plantilla no es un accesorio - Primigi","og_description":"Primigi - La plantilla no es un accesorio - Los ni\u00f1os peque\u00f1os tienen pie plano. Es normal: hasta los tres a\u00f1os realmente no hay motivo para preocuparse.","og_url":"https:\/\/www.primigi.it\/es\/mama-lo-sabes\/crecer\/la-plantilla-no-es-un-accesorio\/","og_site_name":"Primigi","article_published_time":"2013-09-06T12:41:52+00:00","article_modified_time":"2023-05-05T08:43:15+00:00","og_image":[{"width":1920,"height":768,"url":"https:\/\/www.primigi.it\/wp-content\/uploads\/2023\/04\/19f9cefdfb07230a68581d617885a3af_XL.jpg","type":"image\/jpeg"}],"author":"Alessandra Spiezia","twitter_card":"summary_large_image","twitter_misc":{"Escrito por":"Alessandra Spiezia","Tiempo de lectura":"2 minutos"},"schema":{"@context":"https:\/\/schema.org","@graph":[{"@type":"Article","@id":"https:\/\/www.primigi.it\/es\/mama-lo-sabes\/crecer\/la-plantilla-no-es-un-accesorio\/#article","isPartOf":{"@id":"https:\/\/www.primigi.it\/es\/mama-lo-sabes\/crecer\/la-plantilla-no-es-un-accesorio\/"},"author":{"name":"Alessandra Spiezia","@id":"https:\/\/www.primigi.it\/es\/#\/schema\/person\/946130f37c7995e42e774e30e8117be1"},"headline":"La plantilla no es un accesorio","datePublished":"2013-09-06T12:41:52+00:00","dateModified":"2023-05-05T08:43:15+00:00","mainEntityOfPage":{"@id":"https:\/\/www.primigi.it\/es\/mama-lo-sabes\/crecer\/la-plantilla-no-es-un-accesorio\/"},"wordCount":337,"commentCount":0,"publisher":{"@id":"https:\/\/www.primigi.it\/es\/#organization"},"articleSection":["Crecer"],"inLanguage":"es","potentialAction":[{"@type":"CommentAction","name":"Comment","target":["https:\/\/www.primigi.it\/es\/mama-lo-sabes\/crecer\/la-plantilla-no-es-un-accesorio\/#respond"]}]},{"@type":"WebPage","@id":"https:\/\/www.primigi.it\/es\/mama-lo-sabes\/crecer\/la-plantilla-no-es-un-accesorio\/","url":"https:\/\/www.primigi.it\/es\/mama-lo-sabes\/crecer\/la-plantilla-no-es-un-accesorio\/","name":"La plantilla no es un accesorio - Primigi","isPartOf":{"@id":"https:\/\/www.primigi.it\/es\/#website"},"datePublished":"2013-09-06T12:41:52+00:00","dateModified":"2023-05-05T08:43:15+00:00","description":"Primigi - La plantilla no es un accesorio - Los ni\u00f1os peque\u00f1os tienen pie plano. Es normal: hasta los tres a\u00f1os realmente no hay motivo para preocuparse.","breadcrumb":{"@id":"https:\/\/www.primigi.it\/es\/mama-lo-sabes\/crecer\/la-plantilla-no-es-un-accesorio\/#breadcrumb"},"inLanguage":"es","potentialAction":[{"@type":"ReadAction","target":["https:\/\/www.primigi.it\/es\/mama-lo-sabes\/crecer\/la-plantilla-no-es-un-accesorio\/"]}]},{"@type":"BreadcrumbList","@id":"https:\/\/www.primigi.it\/es\/mama-lo-sabes\/crecer\/la-plantilla-no-es-un-accesorio\/#breadcrumb","itemListElement":[{"@type":"ListItem","position":1,"name":"Home","item":"https:\/\/www.primigi.it\/es\/"},{"@type":"ListItem","position":2,"name":"La plantilla no es un accesorio"}]},{"@type":"WebSite","@id":"https:\/\/www.primigi.it\/es\/#website","url":"https:\/\/www.primigi.it\/es\/","name":"Primigi","description":"Scarpe e abbigliamento per bambino e bambina","publisher":{"@id":"https:\/\/www.primigi.it\/es\/#organization"},"potentialAction":[{"@type":"SearchAction","target":{"@type":"EntryPoint","urlTemplate":"https:\/\/www.primigi.it\/es\/?s={search_term_string}"},"query-input":"required name=search_term_string"}],"inLanguage":"es"},{"@type":"Organization","@id":"https:\/\/www.primigi.it\/es\/#organization","name":"Primigi","url":"https:\/\/www.primigi.it\/es\/","logo":{"@type":"ImageObject","inLanguage":"es","@id":"https:\/\/www.primigi.it\/es\/#\/schema\/logo\/image\/","url":"https:\/\/www.primigi.it\/wp-content\/uploads\/2023\/03\/cropped-Primigi_logo50_vert-200.png","contentUrl":"https:\/\/www.primigi.it\/wp-content\/uploads\/2023\/03\/cropped-Primigi_logo50_vert-200.png","width":200,"height":208,"caption":"Primigi"},"image":{"@id":"https:\/\/www.primigi.it\/es\/#\/schema\/logo\/image\/"}},{"@type":"Person","@id":"https:\/\/www.primigi.it\/es\/#\/schema\/person\/946130f37c7995e42e774e30e8117be1","name":"Alessandra Spiezia","image":{"@type":"ImageObject","inLanguage":"es","@id":"https:\/\/www.primigi.it\/es\/#\/schema\/person\/image\/","url":"https:\/\/www.primigi.it\/wp-content\/litespeed\/avatar\/57f9e4600e30cab6a653c3f9fa1b2d03.jpg?ver=1776947207","contentUrl":"https:\/\/www.primigi.it\/wp-content\/litespeed\/avatar\/57f9e4600e30cab6a653c3f9fa1b2d03.jpg?ver=1776947207","caption":"Alessandra Spiezia"}}]}},"wpml_current_locale":"es_ES","wpml_translations":{"it_IT":{"locale":"it_IT","id":9100,"slug":"il-plantare-non-e-un-optional","post_title":"Il plantare non \u00e8 un optional","href":"https:\/\/www.primigi.it\/mamma-lo-sai-che\/diventare-grandi\/il-plantare-non-e-un-optional\/"},"en_US":{"locale":"en_US","id":10064,"slug":"the-insole-is-not-an-optional","post_title":"The insole is not an optional.","href":"https:\/\/www.primigi.it\/en\/mum-do-you-know\/growing-up\/the-insole-is-not-an-optional\/"},"fr_FR":{"locale":"fr_FR","id":10299,"slug":"la-semelle-orthopedique-nest-pas-une-option","post_title":"La semelle orthop\u00e9dique n'est pas une option","href":"https:\/\/www.primigi.it\/fr\/tu-sais-maman\/devenir-grands\/la-semelle-orthopedique-nest-pas-une-option\/"},"de_DE":{"locale":"de_DE","id":10443,"slug":"einlagen-sind-kein-optional","post_title":"Einlagen sind kein Optional","href":"https:\/\/www.primigi.it\/de\/mama-du-weisst-dass\/aufwachsen\/einlagen-sind-kein-optional\/"},"ru_RU":{"locale":"ru_RU","id":10671,"slug":"%d1%81%d1%83%d0%bf%d0%b8%d0%bd%d0%b0%d1%82%d0%be%d1%80-%d1%8d%d1%82%d0%be-%d0%bd%d0%b5-%d0%be%d0%bf%d1%86%d0%b8%d1%8f","post_title":"\u0421\u0443\u043f\u0438\u043d\u0430\u0442\u043e\u0440 \u2013 \u044d\u0442\u043e \u043d\u0435 \u043e\u043f\u0446\u0438\u044f","href":"https:\/\/www.primigi.it\/ru\/%D0%BC%D0%B0%D0%BC%D0%B0-%D1%82%D1%8B-%D0%B7%D0%BD%D0%B0%D0%B5%D1%88%D1%8C-%D1%87%D1%82%D0%BE\/%D1%87%D1%82%D0%BE%D0%B1%D1%8B-%D0%B2%D1%8B%D1%80%D0%B0%D1%81%D1%82%D0%B8\/%D1%81%D1%83%D0%BF%D0%B8%D0%BD%D0%B0%D1%82%D0%BE%D1%80-%D1%8D%D1%82%D0%BE-%D0%BD%D0%B5-%D0%BE%D0%BF%D1%86%D0%B8%D1%8F\/"}},"_links":{"self":[{"href":"https:\/\/www.primigi.it\/es\/wp-json\/wp\/v2\/posts\/10581"}],"collection":[{"href":"https:\/\/www.primigi.it\/es\/wp-json\/wp\/v2\/posts"}],"about":[{"href":"https:\/\/www.primigi.it\/es\/wp-json\/wp\/v2\/types\/post"}],"author":[{"embeddable":true,"href":"https:\/\/www.primigi.it\/es\/wp-json\/wp\/v2\/users\/4"}],"replies":[{"embeddable":true,"href":"https:\/\/www.primigi.it\/es\/wp-json\/wp\/v2\/comments?post=10581"}],"version-history":[{"count":4,"href":"https:\/\/www.primigi.it\/es\/wp-json\/wp\/v2\/posts\/10581\/revisions"}],"predecessor-version":[{"id":10585,"href":"https:\/\/www.primigi.it\/es\/wp-json\/wp\/v2\/posts\/10581\/revisions\/10585"}],"wp:featuredmedia":[{"embeddable":true,"href":"https:\/\/www.primigi.it\/es\/wp-json\/wp\/v2\/media\/9106"}],"wp:attachment":[{"href":"https:\/\/www.primigi.it\/es\/wp-json\/wp\/v2\/media?parent=10581"}],"wp:term":[{"taxonomy":"category","embeddable":true,"href":"https:\/\/www.primigi.it\/es\/wp-json\/wp\/v2\/categories?post=10581"},{"taxonomy":"post_tag","embeddable":true,"href":"https:\/\/www.primigi.it\/es\/wp-json\/wp\/v2\/tags?post=10581"}],"curies":[{"name":"wp","href":"https:\/\/api.w.org\/{rel}","templated":true}]}}