{"id":26487,"date":"2023-11-10T19:13:41","date_gmt":"2023-11-10T18:13:41","guid":{"rendered":"https:\/\/www.primigi.it\/im-zug-die-schoensten-strecken-europas\/"},"modified":"2025-09-24T09:58:32","modified_gmt":"2025-09-24T07:58:32","slug":"im-zug-die-schoensten-strecken-europas","status":"publish","type":"post","link":"https:\/\/www.primigi.it\/de\/mama-du-weisst-dass\/gemeinsam-reisen\/im-zug-die-schoensten-strecken-europas\/","title":{"rendered":"Im Zug: die sch\u00f6nsten Strecken Europas"},"content":{"rendered":"\t\t<div data-elementor-type=\"wp-post\" data-elementor-id=\"26487\" class=\"elementor elementor-26487 elementor-6798\" data-elementor-post-type=\"post\">\n\t\t\t\t\t\t\t\t\t<section class=\"elementor-section elementor-top-section elementor-element elementor-element-216c85e elementor-section-boxed elementor-section-height-default elementor-section-height-default\" data-id=\"216c85e\" data-element_type=\"section\">\n\t\t\t\t\t\t<div class=\"elementor-container elementor-column-gap-default\">\n\t\t\t\t\t<div class=\"elementor-column elementor-col-100 elementor-top-column elementor-element elementor-element-678b727\" data-id=\"678b727\" data-element_type=\"column\">\n\t\t\t<div class=\"elementor-widget-wrap elementor-element-populated\">\n\t\t\t\t\t\t\t\t<div class=\"elementor-element elementor-element-5cee958 elementor-widget elementor-widget-titolo-e-testo\" data-id=\"5cee958\" data-element_type=\"widget\" data-widget_type=\"titolo-e-testo.default\">\n\t\t\t\t<div class=\"elementor-widget-container\">\n\t\t\t<div class=\"titolo-e-testo\"><div class=\"text__container\"><div class=\"text\" style=\"\"><p>Die Faszination der Z\u00fcge schafft es \u00a0alle in die Kindheit zur\u00fcckzuversetzen. Tschu-tschu\" macht der kleine Zug, den unsere Eltern mit ihren\u00a0 H\u00e4nden auf einer imagin\u00e4ren Schiene bewegten, ebenso wie der Zug, den wir mit den ersten elektrischen Bahnen ferngesteuert haben. Sogar der Zug, der von unseren Kindern in Video-Games gesteuert wird, macht das gleiche Ger\u00e4usch. Denn obwohl die Jahre vergehen, bleibt der Zug f\u00fcr jede Generation eines der faszinierendsten Transportmittel.<\/p><p>Dank des Dampfes, der Schienen, der langsamen Fahrt durch die Landschaften, die am Fenster vorbeiflie\u00dfen: eine romantische Faszination, die die ganze Familie in seinen Bann ziehen kann.<\/p><p>Vor allem, wenn man sich f\u00fcr eine dieser fantastischen Bahnstrecken durch Europa entscheidet, die alle f\u00fcr ein wunderbares Abenteuer mit dem\u00a0 Rucksack auf dem R\u00fccken\u00a0 geeignet sind.<\/p><\/div><\/div><\/div>\t\t<\/div>\n\t\t\t\t<\/div>\n\t\t\t\t<div class=\"elementor-element elementor-element-457a3b5 elementor-widget elementor-widget-distanziatore\" data-id=\"457a3b5\" data-element_type=\"widget\" data-widget_type=\"distanziatore.default\">\n\t\t\t\t<div class=\"elementor-widget-container\">\n\t\t\t\t\t<div class=\"distanziatore-spacer\">\n\t\t\t<div class=\"distanziatore-spacer-inner margin-piccolo\"><\/div>\n\t\t<\/div>\n\t\t\t\t<\/div>\n\t\t\t\t<\/div>\n\t\t\t\t\t<\/div>\n\t\t<\/div>\n\t\t\t\t\t\t\t<\/div>\n\t\t<\/section>\n\t\t\t\t<section class=\"elementor-section elementor-top-section elementor-element elementor-element-3f7ddb8 elementor-section-boxed elementor-section-height-default elementor-section-height-default\" data-id=\"3f7ddb8\" data-element_type=\"section\">\n\t\t\t\t\t\t<div class=\"elementor-container elementor-column-gap-default\">\n\t\t\t\t\t<div class=\"elementor-column elementor-col-100 elementor-top-column elementor-element elementor-element-24ddebb\" data-id=\"24ddebb\" data-element_type=\"column\">\n\t\t\t<div class=\"elementor-widget-wrap elementor-element-populated\">\n\t\t\t\t\t\t\t\t<div class=\"elementor-element elementor-element-47c068b elementor-widget elementor-widget-titolo-e-testo\" data-id=\"47c068b\" data-element_type=\"widget\" data-widget_type=\"titolo-e-testo.default\">\n\t\t\t\t<div class=\"elementor-widget-container\">\n\t\t\t<div class=\"titolo-e-testo\"><div class=\"title__container\"><H3 class=\"title\" style=\"\">Chemin de fer de la Baie de Somme - Frankreich<\/H3><\/div><div class=\"text__container\"><div class=\"text\" style=\"\"><p>Die Baie de la Somme in der Picardie (Nordfrankreich) ist ein wundersch\u00f6nes Naturgebiet, in dem man Robben bewundern und den erstaunlichen Effekt der Gezeiten entdecken kann, die ganze Landstriche auftauchen und verschwinden lassen. Hier f\u00e4hrt die Dampflokomotive der alten Lokalbahn mit einer Geschwindigkeit von 25 Kilometern pro Stunde durch die drei Badeorte Le Crotoy, Saint-Valery-sur-Somme und Cayeux-sur-Mer .<\/p><p>Man reist an Bord historischer Z\u00fcge in Belle-Epoque-Atmosph\u00e4re und kann sogar im Bordrestaurant zu Mittag essen - der Preis f\u00fcr eine Fahrt inklusive Mittagessen betr\u00e4gt 49 Euro f\u00fcr Erwachsene und 25 Euro f\u00fcr Kinder.<\/p><p>\u00a0<\/p><p><span style=\"font-size: 16px;\">Informationen: <\/span><a style=\"font-size: 16px; background-color: #ffffff;\" href=\"http:\/\/www.chemindefer-baiedesomme.fr\/\">chemindefer-baiedesomme.fr<\/a><\/p><\/div><\/div><\/div>\t\t<\/div>\n\t\t\t\t<\/div>\n\t\t\t\t<div class=\"elementor-element elementor-element-02a8bac elementor-widget elementor-widget-distanziatore\" data-id=\"02a8bac\" data-element_type=\"widget\" data-widget_type=\"distanziatore.default\">\n\t\t\t\t<div class=\"elementor-widget-container\">\n\t\t\t\t\t<div class=\"distanziatore-spacer\">\n\t\t\t<div class=\"distanziatore-spacer-inner margin-piccolo\"><\/div>\n\t\t<\/div>\n\t\t\t\t<\/div>\n\t\t\t\t<\/div>\n\t\t\t\t<div class=\"elementor-element elementor-element-e5fe894 elementor-widget elementor-widget-immagine-singola\" data-id=\"e5fe894\" data-element_type=\"widget\" data-widget_type=\"immagine-singola.default\">\n\t\t\t\t<div class=\"elementor-widget-container\">\n\t\t\t<div class='container-immagine-singola'><img class='immagine-singola'  src=https:\/\/www.primigi.it\/wp-content\/uploads\/2023\/04\/Chemin-de-fer-de-la-Baie-de-Somme-Francia_s.jpg \/><\/div>\t\t<\/div>\n\t\t\t\t<\/div>\n\t\t\t\t<div class=\"elementor-element elementor-element-94f364e elementor-widget elementor-widget-distanziatore\" data-id=\"94f364e\" data-element_type=\"widget\" data-widget_type=\"distanziatore.default\">\n\t\t\t\t<div class=\"elementor-widget-container\">\n\t\t\t\t\t<div class=\"distanziatore-spacer\">\n\t\t\t<div class=\"distanziatore-spacer-inner margin-piccolo\"><\/div>\n\t\t<\/div>\n\t\t\t\t<\/div>\n\t\t\t\t<\/div>\n\t\t\t\t\t<\/div>\n\t\t<\/div>\n\t\t\t\t\t\t\t<\/div>\n\t\t<\/section>\n\t\t\t\t<section class=\"elementor-section elementor-top-section elementor-element elementor-element-1526b86 elementor-section-boxed elementor-section-height-default elementor-section-height-default\" data-id=\"1526b86\" data-element_type=\"section\">\n\t\t\t\t\t\t<div class=\"elementor-container elementor-column-gap-default\">\n\t\t\t\t\t<div class=\"elementor-column elementor-col-100 elementor-top-column elementor-element elementor-element-6952799\" data-id=\"6952799\" data-element_type=\"column\">\n\t\t\t<div class=\"elementor-widget-wrap elementor-element-populated\">\n\t\t\t\t\t\t\t\t<div class=\"elementor-element elementor-element-bc5b5b8 elementor-widget elementor-widget-titolo-e-testo\" data-id=\"bc5b5b8\" data-element_type=\"widget\" data-widget_type=\"titolo-e-testo.default\">\n\t\t\t\t<div class=\"elementor-widget-container\">\n\t\t\t<div class=\"titolo-e-testo\"><div class=\"title__container\"><H3 class=\"title\" style=\"\">Der Schokoladenzug (train du chocolat) - Schweiz<\/H3><\/div><div class=\"text__container\"><div class=\"text\" style=\"\"><p>Schon der Name sagt alles: Der \"Schokoladenzug\" in der Schweiz (und wo sonst?) f\u00e4hrt entlang der Montreux-Berner Oberland-Bahn und bietet w\u00e4hrend der siebenst\u00fcndigen Fahrt Schokoladenverkostungen und den Besuch einer Schokoladenfabrik in Broc an. Der letzte Abschnitt - von Gruy\u00e8res nach Montreux - kann mit dem Bus zur\u00fcckgelegt werden und sieht einen Besuch im \"La Maison du Gruy\u00e8re\", der Produktionsst\u00e4tte des typischen Schweizer K\u00e4ses, vor.<\/p><p>\u00a0<\/p><p><span style=\"font-size: 16px;\">Informationen: <\/span><a style=\"font-size: 16px; background-color: #ffffff;\" href=\"http:\/\/www.myswitzerland.com\/en\/experiences\/chocolate-train\/\">myswitzerland.com\/en\/experiences\/chocolate-train\/<\/a><\/p><\/div><\/div><\/div>\t\t<\/div>\n\t\t\t\t<\/div>\n\t\t\t\t<div class=\"elementor-element elementor-element-0e3b9db elementor-widget elementor-widget-distanziatore\" data-id=\"0e3b9db\" data-element_type=\"widget\" data-widget_type=\"distanziatore.default\">\n\t\t\t\t<div class=\"elementor-widget-container\">\n\t\t\t\t\t<div class=\"distanziatore-spacer\">\n\t\t\t<div class=\"distanziatore-spacer-inner margin-piccolo\"><\/div>\n\t\t<\/div>\n\t\t\t\t<\/div>\n\t\t\t\t<\/div>\n\t\t\t\t<div class=\"elementor-element elementor-element-fc9e9c9 elementor-widget elementor-widget-immagine-singola\" data-id=\"fc9e9c9\" data-element_type=\"widget\" data-widget_type=\"immagine-singola.default\">\n\t\t\t\t<div class=\"elementor-widget-container\">\n\t\t\t<div class='container-immagine-singola'><img class='immagine-singola'  src=https:\/\/www.primigi.it\/wp-content\/uploads\/2023\/04\/Il-treno-della-cioccolata-Svizzera_s.jpg \/><\/div>\t\t<\/div>\n\t\t\t\t<\/div>\n\t\t\t\t<div class=\"elementor-element elementor-element-91b36cc elementor-widget elementor-widget-distanziatore\" data-id=\"91b36cc\" data-element_type=\"widget\" data-widget_type=\"distanziatore.default\">\n\t\t\t\t<div class=\"elementor-widget-container\">\n\t\t\t\t\t<div class=\"distanziatore-spacer\">\n\t\t\t<div class=\"distanziatore-spacer-inner margin-piccolo\"><\/div>\n\t\t<\/div>\n\t\t\t\t<\/div>\n\t\t\t\t<\/div>\n\t\t\t\t\t<\/div>\n\t\t<\/div>\n\t\t\t\t\t\t\t<\/div>\n\t\t<\/section>\n\t\t\t\t<section class=\"elementor-section elementor-top-section elementor-element elementor-element-da1c407 elementor-section-boxed elementor-section-height-default elementor-section-height-default\" data-id=\"da1c407\" data-element_type=\"section\">\n\t\t\t\t\t\t<div class=\"elementor-container elementor-column-gap-default\">\n\t\t\t\t\t<div class=\"elementor-column elementor-col-100 elementor-top-column elementor-element elementor-element-a81f9c0\" data-id=\"a81f9c0\" data-element_type=\"column\">\n\t\t\t<div class=\"elementor-widget-wrap elementor-element-populated\">\n\t\t\t\t\t\t\t\t<div class=\"elementor-element elementor-element-961995c elementor-widget elementor-widget-titolo-e-testo\" data-id=\"961995c\" data-element_type=\"widget\" data-widget_type=\"titolo-e-testo.default\">\n\t\t\t\t<div class=\"elementor-widget-container\">\n\t\t\t<div class=\"titolo-e-testo\"><div class=\"title__container\"><H3 class=\"title\" style=\"\">Woodland Wanderer in  Snowdonia \u2013 Wales<\/H3><\/div><div class=\"text__container\"><div class=\"text\" style=\"\"><p>Eine Fahrt in Waggons aus den 60er Jahren durch die \u00fcppigen W\u00e4lder des Snowdonia-Nationalparks in Wales. F\u00fcr kleinere Familien ist es auch m\u00f6glich, gemeinsam in einem kleinen viktorianischen Waggon zu reisen, der im 19. Jahrhundert Minenarbeiter transportierte. Die zweieinhalbst\u00fcndige Fahrt sieht einen Zwischenstopp vor \u00a0f\u00fcr einen Spaziergang auf dem Waldweg zum Llyn Mair, einem reizenden See im Tal. Ausserdem kann ein Snack genossen werden mit Tee und Kuchen, der in der Ausgangsstation gebacken wird. Die Kosten betragen 25 \u00a3 f\u00fcr Erwachsene, Kinder bis 15 Jahre zahlen einen symbolischen Preis von 1 \u00a3.<\/p><p>\u00a0<\/p><p><span style=\"font-size: 16px;\">Informationen: <\/span><a style=\"font-size: 16px; background-color: #ffffff;\" href=\"http:\/\/www.festrail.co.uk\/woodland-wanderer\/\">festrail.co.uk\/woodland-wanderer\/<\/a><\/p><\/div><\/div><\/div>\t\t<\/div>\n\t\t\t\t<\/div>\n\t\t\t\t<div class=\"elementor-element elementor-element-b08de11 elementor-widget elementor-widget-distanziatore\" data-id=\"b08de11\" data-element_type=\"widget\" data-widget_type=\"distanziatore.default\">\n\t\t\t\t<div class=\"elementor-widget-container\">\n\t\t\t\t\t<div class=\"distanziatore-spacer\">\n\t\t\t<div class=\"distanziatore-spacer-inner margin-piccolo\"><\/div>\n\t\t<\/div>\n\t\t\t\t<\/div>\n\t\t\t\t<\/div>\n\t\t\t\t<div class=\"elementor-element elementor-element-3935b03 elementor-widget elementor-widget-immagine-singola\" data-id=\"3935b03\" data-element_type=\"widget\" data-widget_type=\"immagine-singola.default\">\n\t\t\t\t<div class=\"elementor-widget-container\">\n\t\t\t<div class='container-immagine-singola'><img class='immagine-singola'  src=https:\/\/www.primigi.it\/wp-content\/uploads\/2023\/04\/Woodland-Wanderer-a-Snowdonia-Galles_s.jpg \/><\/div>\t\t<\/div>\n\t\t\t\t<\/div>\n\t\t\t\t<div class=\"elementor-element elementor-element-4fd7ff8 elementor-widget elementor-widget-distanziatore\" data-id=\"4fd7ff8\" data-element_type=\"widget\" data-widget_type=\"distanziatore.default\">\n\t\t\t\t<div class=\"elementor-widget-container\">\n\t\t\t\t\t<div class=\"distanziatore-spacer\">\n\t\t\t<div class=\"distanziatore-spacer-inner margin-piccolo\"><\/div>\n\t\t<\/div>\n\t\t\t\t<\/div>\n\t\t\t\t<\/div>\n\t\t\t\t\t<\/div>\n\t\t<\/div>\n\t\t\t\t\t\t\t<\/div>\n\t\t<\/section>\n\t\t\t\t<section class=\"elementor-section elementor-top-section elementor-element elementor-element-96bc8bd elementor-section-boxed elementor-section-height-default elementor-section-height-default\" data-id=\"96bc8bd\" data-element_type=\"section\">\n\t\t\t\t\t\t<div class=\"elementor-container elementor-column-gap-default\">\n\t\t\t\t\t<div class=\"elementor-column elementor-col-100 elementor-top-column elementor-element elementor-element-7b8829b\" data-id=\"7b8829b\" data-element_type=\"column\">\n\t\t\t<div class=\"elementor-widget-wrap elementor-element-populated\">\n\t\t\t\t\t\t\t\t<div class=\"elementor-element elementor-element-d787907 elementor-widget elementor-widget-titolo-e-testo\" data-id=\"d787907\" data-element_type=\"widget\" data-widget_type=\"titolo-e-testo.default\">\n\t\t\t\t<div class=\"elementor-widget-container\">\n\t\t\t<div class=\"titolo-e-testo\"><div class=\"title__container\"><H3 class=\"title\" style=\"\">\u00d6tscherland Express \u2013 \u00d6sterreich<\/H3><\/div><div class=\"text__container\"><div class=\"text\" style=\"\"><p>Ein historischer Zug, dessen Waggons von einer romantischen und \u00fcber 100 j\u00e4hrigen Dampflokomotive gezogen werden und der 25 Kilometer zwischen Kienberg bei Gaming, Lunz am See und G\u00f6stling im \u00f6sterreichischen Mostviertel f\u00e4hrt. Eine kleine malerische Fahrt in einem Land, das viele M\u00f6glichkeiten f\u00fcr Liebhaber historischer Z\u00fcge bietet.<\/p><p>Das Ticket f\u00fcr diese Strecke kostet 23 Euro<\/p><p>\u00a0<\/p><p><span style=\"font-size: 16px;\">Informationen: <\/span><a style=\"font-size: 16px; background-color: #ffffff;\" href=\"http:\/\/www.mostviertel.at\/en\/all-sights\/a-oetscherland-express\">mostviertel.at\/en\/all-sights\/a-oetscherland-express<\/a><\/p><\/div><\/div><\/div>\t\t<\/div>\n\t\t\t\t<\/div>\n\t\t\t\t<div class=\"elementor-element elementor-element-750f15b elementor-widget elementor-widget-distanziatore\" data-id=\"750f15b\" data-element_type=\"widget\" data-widget_type=\"distanziatore.default\">\n\t\t\t\t<div class=\"elementor-widget-container\">\n\t\t\t\t\t<div class=\"distanziatore-spacer\">\n\t\t\t<div class=\"distanziatore-spacer-inner margin-piccolo\"><\/div>\n\t\t<\/div>\n\t\t\t\t<\/div>\n\t\t\t\t<\/div>\n\t\t\t\t<div class=\"elementor-element elementor-element-10d02f6 elementor-widget elementor-widget-immagine-singola\" data-id=\"10d02f6\" data-element_type=\"widget\" data-widget_type=\"immagine-singola.default\">\n\t\t\t\t<div class=\"elementor-widget-container\">\n\t\t\t<div class='container-immagine-singola'><img class='immagine-singola'  src=https:\/\/www.primigi.it\/wp-content\/uploads\/2023\/04\/tscherland-Express-Austria_s.jpg \/><\/div>\t\t<\/div>\n\t\t\t\t<\/div>\n\t\t\t\t<div class=\"elementor-element elementor-element-f340c32 elementor-widget elementor-widget-distanziatore\" data-id=\"f340c32\" data-element_type=\"widget\" data-widget_type=\"distanziatore.default\">\n\t\t\t\t<div class=\"elementor-widget-container\">\n\t\t\t\t\t<div class=\"distanziatore-spacer\">\n\t\t\t<div class=\"distanziatore-spacer-inner margin-piccolo\"><\/div>\n\t\t<\/div>\n\t\t\t\t<\/div>\n\t\t\t\t<\/div>\n\t\t\t\t\t<\/div>\n\t\t<\/div>\n\t\t\t\t\t\t\t<\/div>\n\t\t<\/section>\n\t\t\t\t<section class=\"elementor-section elementor-top-section elementor-element elementor-element-a57df71 elementor-section-boxed elementor-section-height-default elementor-section-height-default\" data-id=\"a57df71\" data-element_type=\"section\">\n\t\t\t\t\t\t<div class=\"elementor-container elementor-column-gap-default\">\n\t\t\t\t\t<div class=\"elementor-column elementor-col-100 elementor-top-column elementor-element elementor-element-ca6fb96\" data-id=\"ca6fb96\" data-element_type=\"column\">\n\t\t\t<div class=\"elementor-widget-wrap elementor-element-populated\">\n\t\t\t\t\t\t\t\t<div class=\"elementor-element elementor-element-83e6add elementor-widget elementor-widget-titolo-e-testo\" data-id=\"83e6add\" data-element_type=\"widget\" data-widget_type=\"titolo-e-testo.default\">\n\t\t\t\t<div class=\"elementor-widget-container\">\n\t\t\t<div class=\"titolo-e-testo\"><div class=\"title__container\"><H3 class=\"title\" style=\"\">Ferrocarril de S\u00f2ller - Palma di Maiorca<\/H3><\/div><div class=\"text__container\"><div class=\"text\" style=\"\"><p>Eine der beliebtesten Attraktionen Mallorcas ist die alte Holzeisenbahn, die Palma mit der Stadt S\u00f3ller verbindet und urspr\u00fcnglich dazu diente, Zitrusfr\u00fcchte aus dem Tal von S\u00f3ller in die Hauptstadt zu transportieren. Der Zug braucht eine Stunde, um den Art-d\u00e9co-Bahnhof von S\u00f3ller zu erreichen, wobei er Viadukte, Br\u00fccken, Tunnel und mehrere Aussichtspunkte durchf\u00e4hrt.<\/p><p>Die Hin-R\u00fcckfahrkarte kostet 25 Euro pro Person.<\/p><p>\u00a0<\/p><p><span style=\"font-size: 16px;\">Informationen: <\/span><a style=\"font-size: 16px; background-color: #ffffff;\" href=\"https:\/\/trendesoller.com\/eng\/routes\/train\">trendesoller.com\/eng\/routes\/train<\/a><\/p><\/div><\/div><\/div>\t\t<\/div>\n\t\t\t\t<\/div>\n\t\t\t\t<div class=\"elementor-element elementor-element-51fe941 elementor-widget elementor-widget-distanziatore\" data-id=\"51fe941\" data-element_type=\"widget\" data-widget_type=\"distanziatore.default\">\n\t\t\t\t<div class=\"elementor-widget-container\">\n\t\t\t\t\t<div class=\"distanziatore-spacer\">\n\t\t\t<div class=\"distanziatore-spacer-inner margin-piccolo\"><\/div>\n\t\t<\/div>\n\t\t\t\t<\/div>\n\t\t\t\t<\/div>\n\t\t\t\t<div class=\"elementor-element elementor-element-e3f1a8b elementor-widget elementor-widget-immagine-singola\" data-id=\"e3f1a8b\" data-element_type=\"widget\" data-widget_type=\"immagine-singola.default\">\n\t\t\t\t<div class=\"elementor-widget-container\">\n\t\t\t<div class='container-immagine-singola'><img class='immagine-singola'  src=https:\/\/www.primigi.it\/wp-content\/uploads\/2023\/04\/Ferrocarril-de-Sller-Palma-di-Maiorca_s.jpg \/><\/div>\t\t<\/div>\n\t\t\t\t<\/div>\n\t\t\t\t<div class=\"elementor-element elementor-element-c4c000e elementor-widget elementor-widget-distanziatore\" data-id=\"c4c000e\" data-element_type=\"widget\" data-widget_type=\"distanziatore.default\">\n\t\t\t\t<div class=\"elementor-widget-container\">\n\t\t\t\t\t<div class=\"distanziatore-spacer\">\n\t\t\t<div class=\"distanziatore-spacer-inner margin-piccolo\"><\/div>\n\t\t<\/div>\n\t\t\t\t<\/div>\n\t\t\t\t<\/div>\n\t\t\t\t\t<\/div>\n\t\t<\/div>\n\t\t\t\t\t\t\t<\/div>\n\t\t<\/section>\n\t\t\t\t<section class=\"elementor-section elementor-top-section elementor-element elementor-element-9c4c925 elementor-section-boxed elementor-section-height-default elementor-section-height-default\" data-id=\"9c4c925\" data-element_type=\"section\">\n\t\t\t\t\t\t<div class=\"elementor-container elementor-column-gap-default\">\n\t\t\t\t\t<div class=\"elementor-column elementor-col-100 elementor-top-column elementor-element elementor-element-9793c0f\" data-id=\"9793c0f\" data-element_type=\"column\">\n\t\t\t<div class=\"elementor-widget-wrap elementor-element-populated\">\n\t\t\t\t\t\t\t\t<div class=\"elementor-element elementor-element-1962982 elementor-widget elementor-widget-titolo-e-testo\" data-id=\"1962982\" data-element_type=\"widget\" data-widget_type=\"titolo-e-testo.default\">\n\t\t\t\t<div class=\"elementor-widget-container\">\n\t\t\t<div class=\"titolo-e-testo\"><div class=\"title__container\"><H3 class=\"title\" style=\"\">Der gelbe Zug  - Frankreich<\/H3><\/div><div class=\"text__container\"><div class=\"text\" style=\"\"><p>Eine wundersch\u00f6ne Reise durch den Regionalen Naturpark der katalanischen Pyren\u00e4en an Bord eines historischen gelben Zuges, der auf einer der h\u00f6chstgelegenen Eisenbahnstrecken Europas f\u00e4hrt. 63 Kilometer in einer dreist\u00fcndigen Fahrt (von Latour-de-Carol nach Villefranche-de-Conflent) durch wundersch\u00f6ne Berglandschaften und \u00fcber einige schwindelerregend hohe Br\u00fccken, wie die Cassagne- oder Gisclard-Br\u00fccke, die einzige noch in Betrieb befindliche Eisenbahn-H\u00e4ngebr\u00fccke Frankreichs.<\/p><p>Die Fahrkarten kosten ab 22,50 Euro, je nach gew\u00e4hlter Strecke. Es gibt auch Gruppenerm\u00e4\u00dfigungen ab drei Personen, und Jugendliche zwischen 12 und 26 Jahren erhalten eine Erm\u00e4\u00dfigung von 50 %.<\/p><p>\u00a0<\/p><p><span style=\"font-size: 16px;\">Informationen: <\/span><a style=\"font-size: 16px; background-color: #ffffff;\" href=\"https:\/\/letrainjaune.fr\/\">letrainjaune.fr<\/a><\/p><\/div><\/div><\/div>\t\t<\/div>\n\t\t\t\t<\/div>\n\t\t\t\t<div class=\"elementor-element elementor-element-f8e0d4e elementor-widget elementor-widget-distanziatore\" data-id=\"f8e0d4e\" data-element_type=\"widget\" data-widget_type=\"distanziatore.default\">\n\t\t\t\t<div class=\"elementor-widget-container\">\n\t\t\t\t\t<div class=\"distanziatore-spacer\">\n\t\t\t<div class=\"distanziatore-spacer-inner margin-piccolo\"><\/div>\n\t\t<\/div>\n\t\t\t\t<\/div>\n\t\t\t\t<\/div>\n\t\t\t\t<div class=\"elementor-element elementor-element-7a7d2f3 elementor-widget elementor-widget-immagine-singola\" data-id=\"7a7d2f3\" data-element_type=\"widget\" data-widget_type=\"immagine-singola.default\">\n\t\t\t\t<div class=\"elementor-widget-container\">\n\t\t\t<div class='container-immagine-singola'><img class='immagine-singola'  src=https:\/\/www.primigi.it\/wp-content\/uploads\/2023\/04\/Il-Treno-Giallo-Francia_s.jpg \/><\/div>\t\t<\/div>\n\t\t\t\t<\/div>\n\t\t\t\t<div class=\"elementor-element elementor-element-621525c elementor-widget elementor-widget-distanziatore\" data-id=\"621525c\" data-element_type=\"widget\" data-widget_type=\"distanziatore.default\">\n\t\t\t\t<div class=\"elementor-widget-container\">\n\t\t\t\t\t<div class=\"distanziatore-spacer\">\n\t\t\t<div class=\"distanziatore-spacer-inner margin-piccolo\"><\/div>\n\t\t<\/div>\n\t\t\t\t<\/div>\n\t\t\t\t<\/div>\n\t\t\t\t\t<\/div>\n\t\t<\/div>\n\t\t\t\t\t\t\t<\/div>\n\t\t<\/section>\n\t\t\t\t<section class=\"elementor-section elementor-top-section elementor-element elementor-element-bcc6613 elementor-section-boxed elementor-section-height-default elementor-section-height-default\" data-id=\"bcc6613\" data-element_type=\"section\">\n\t\t\t\t\t\t<div class=\"elementor-container elementor-column-gap-default\">\n\t\t\t\t\t<div class=\"elementor-column elementor-col-100 elementor-top-column elementor-element elementor-element-6d0ed52\" data-id=\"6d0ed52\" data-element_type=\"column\">\n\t\t\t<div class=\"elementor-widget-wrap elementor-element-populated\">\n\t\t\t\t\t\t\t\t<div class=\"elementor-element elementor-element-0bdce1b elementor-widget elementor-widget-titolo-e-testo\" data-id=\"0bdce1b\" data-element_type=\"widget\" data-widget_type=\"titolo-e-testo.default\">\n\t\t\t\t<div class=\"elementor-widget-container\">\n\t\t\t<div class=\"titolo-e-testo\"><div class=\"title__container\"><H3 class=\"title\" style=\"\">Naturzug - Toskana<\/H3><\/div><div class=\"text__container\"><div class=\"text\" style=\"\"><p>Der Treno Natura (Naturzug) ist ein Zug mit einer Dampflokomotive und Waggons aus den 30er Jahren, der auf den stillgelegten Bahnstrecken von Siena-Asciano-Monte Antico durch dreizehn D\u00f6rfer f\u00e4hrt, die \u00fcber ein einzigartiges Gebiet verstreut sind.<\/p><p>Eine f\u00fcr Kinder aufregende Reise, die in den Waggons auf \u00a0Holzsitzen sitzen k\u00f6nnen und das Val d'Orcia, eine der sch\u00f6nsten Landschaften Italiens, zwischen H\u00fcgeln, Bauernh\u00f6fen, Weiden und bezaubernden D\u00f6rfern bewundern k\u00f6nnen mit kleinen Stopps an einsamen Bahnh\u00f6fen voller Charme.<\/p><p>\u00a0<\/p><p><span style=\"font-size: 16px;\">Informationen: <\/span><a style=\"font-size: 16px; background-color: #ffffff;\" href=\"http:\/\/www.terredisienalab.it\/elenco-progetti\/item\/472-treno-natura-2022\">terredisienalab.it\/elenco-progetti\/item\/472-treno-natura-2022<\/a><\/p><\/div><\/div><\/div>\t\t<\/div>\n\t\t\t\t<\/div>\n\t\t\t\t<div class=\"elementor-element elementor-element-d1e6cb6 elementor-widget elementor-widget-distanziatore\" data-id=\"d1e6cb6\" data-element_type=\"widget\" data-widget_type=\"distanziatore.default\">\n\t\t\t\t<div class=\"elementor-widget-container\">\n\t\t\t\t\t<div class=\"distanziatore-spacer\">\n\t\t\t<div class=\"distanziatore-spacer-inner margin-piccolo\"><\/div>\n\t\t<\/div>\n\t\t\t\t<\/div>\n\t\t\t\t<\/div>\n\t\t\t\t<div class=\"elementor-element elementor-element-1442539 elementor-widget elementor-widget-immagine-singola\" data-id=\"1442539\" data-element_type=\"widget\" data-widget_type=\"immagine-singola.default\">\n\t\t\t\t<div class=\"elementor-widget-container\">\n\t\t\t<div class='container-immagine-singola'><img class='immagine-singola'  src=https:\/\/www.primigi.it\/wp-content\/uploads\/2023\/04\/Treno-Natura-Toscana-s.jpg \/><\/div>\t\t<\/div>\n\t\t\t\t<\/div>\n\t\t\t\t<div class=\"elementor-element elementor-element-2f1de1d elementor-widget elementor-widget-distanziatore\" data-id=\"2f1de1d\" data-element_type=\"widget\" data-widget_type=\"distanziatore.default\">\n\t\t\t\t<div class=\"elementor-widget-container\">\n\t\t\t\t\t<div class=\"distanziatore-spacer\">\n\t\t\t<div class=\"distanziatore-spacer-inner margin-piccolo\"><\/div>\n\t\t<\/div>\n\t\t\t\t<\/div>\n\t\t\t\t<\/div>\n\t\t\t\t\t<\/div>\n\t\t<\/div>\n\t\t\t\t\t\t\t<\/div>\n\t\t<\/section>\n\t\t\t\t<section class=\"elementor-section elementor-top-section elementor-element elementor-element-5ef0c3b elementor-section-boxed elementor-section-height-default elementor-section-height-default\" data-id=\"5ef0c3b\" data-element_type=\"section\">\n\t\t\t\t\t\t<div class=\"elementor-container elementor-column-gap-default\">\n\t\t\t\t\t<div class=\"elementor-column elementor-col-100 elementor-top-column elementor-element elementor-element-2599d3a\" data-id=\"2599d3a\" data-element_type=\"column\">\n\t\t\t<div class=\"elementor-widget-wrap elementor-element-populated\">\n\t\t\t\t\t\t\t\t<div class=\"elementor-element elementor-element-d303375 elementor-widget elementor-widget-titolo-e-testo\" data-id=\"d303375\" data-element_type=\"widget\" data-widget_type=\"titolo-e-testo.default\">\n\t\t\t\t<div class=\"elementor-widget-container\">\n\t\t\t<div class=\"titolo-e-testo\"><div class=\"title__container\"><H3 class=\"title\" style=\"\">Sebino Express - Lombardei <\/H3><\/div><div class=\"text__container\"><div class=\"text\" style=\"\"><p>Eine Reise zum Iseosee in einem historischen Zug mit Dampflokomotive und Waggons aus den 30er und 50er Jahren. Der Sebino Express f\u00e4hrt sowohl von Mailand als auch von Brescia aus.<\/p><p>Die erste Strecke f\u00fchrt bis nach Paratico, der Partnergemeinde von Sarnico am gegen\u00fcberliegenden Seeufer, das man dank einer Br\u00fccke an dieser Stelle zu Fu\u00df erreichen kann.<\/p><p>Wer hingegen die zweite Strecke w\u00e4hlt, f\u00e4hrt von Brescia aus nach Pisogne, der letzten brescianischen Gemeinde am Iseosee, die am Ostufer des Sebino vorbeif\u00fchrt und die Gemeinden Iseo, Sulzano und Sale Marasino ber\u00fchrt, mit einem einzigartigen Panorama inmitten von Weinbergen und H\u00fcgeln mit Blick auf das blaue Wasser des Sees.<\/p><p>\u00a0<\/p><p>Informationen: <a style=\"font-size: 16px; background-color: #ffffff;\" href=\"http:\/\/www.fondazionefs.it\/content\/fondazionefs\/it\/treni-storici\/2022\/9\/11\/sebino-express.html\">fondazionefs.it\/content\/fondazionefs\/it\/treni-storici\/2022\/9\/11\/sebino-express.html<\/a><\/p><\/div><\/div><\/div>\t\t<\/div>\n\t\t\t\t<\/div>\n\t\t\t\t<div class=\"elementor-element elementor-element-e7534c2 elementor-widget elementor-widget-distanziatore\" data-id=\"e7534c2\" data-element_type=\"widget\" data-widget_type=\"distanziatore.default\">\n\t\t\t\t<div class=\"elementor-widget-container\">\n\t\t\t\t\t<div class=\"distanziatore-spacer\">\n\t\t\t<div class=\"distanziatore-spacer-inner margin-piccolo\"><\/div>\n\t\t<\/div>\n\t\t\t\t<\/div>\n\t\t\t\t<\/div>\n\t\t\t\t<div class=\"elementor-element elementor-element-bc78d91 elementor-widget elementor-widget-immagine-singola\" data-id=\"bc78d91\" data-element_type=\"widget\" data-widget_type=\"immagine-singola.default\">\n\t\t\t\t<div class=\"elementor-widget-container\">\n\t\t\t<div class='container-immagine-singola'><img class='immagine-singola'  src=https:\/\/www.primigi.it\/wp-content\/uploads\/2023\/04\/Sebino-Express-Lombardia_s.jpg \/><\/div>\t\t<\/div>\n\t\t\t\t<\/div>\n\t\t\t\t<div class=\"elementor-element elementor-element-44eb2a3 elementor-widget elementor-widget-distanziatore\" data-id=\"44eb2a3\" data-element_type=\"widget\" data-widget_type=\"distanziatore.default\">\n\t\t\t\t<div class=\"elementor-widget-container\">\n\t\t\t\t\t<div class=\"distanziatore-spacer\">\n\t\t\t<div class=\"distanziatore-spacer-inner margin-piccolo\"><\/div>\n\t\t<\/div>\n\t\t\t\t<\/div>\n\t\t\t\t<\/div>\n\t\t\t\t\t<\/div>\n\t\t<\/div>\n\t\t\t\t\t\t\t<\/div>\n\t\t<\/section>\n\t\t\t\t<section class=\"elementor-section elementor-top-section elementor-element elementor-element-508a174 elementor-section-boxed elementor-section-height-default elementor-section-height-default\" data-id=\"508a174\" data-element_type=\"section\">\n\t\t\t\t\t\t<div class=\"elementor-container elementor-column-gap-default\">\n\t\t\t\t\t<div class=\"elementor-column elementor-col-100 elementor-top-column elementor-element elementor-element-6c39c44\" data-id=\"6c39c44\" data-element_type=\"column\">\n\t\t\t<div class=\"elementor-widget-wrap elementor-element-populated\">\n\t\t\t\t\t\t\t\t<div class=\"elementor-element elementor-element-384db60 elementor-widget elementor-widget-titolo-e-testo\" data-id=\"384db60\" data-element_type=\"widget\" data-widget_type=\"titolo-e-testo.default\">\n\t\t\t\t<div class=\"elementor-widget-container\">\n\t\t\t<div class=\"titolo-e-testo\"><div class=\"title__container\"><H3 class=\"title\" style=\"\">Der gr\u00fcne Zug \u2013 Sardinien<\/H3><\/div><div class=\"text__container\"><div class=\"text\" style=\"\"><p>Eine Reise in die Vergangenheit, die ein bisschen an eine Geschichte aus der Zeit unserer Gro\u00dfeltern erinnert: keine Steckdosen, um das Smartphone aufzuladen oder WLAN Verbindung, um auf YouTube zu gehen, um den Kindern ein neues Konzept von Langsamkeit und Sch\u00f6nheit beizubringen. Auf Sardiniens Trenino Verde reist man wie vor 50 oder 100 Jahren und bewundert die Landschaft auf drei verschiedenen Strecken, von den einfachsten (weniger als anderthalb Stunden Hin- und Zur\u00fcck) \u00fcber Trekkingstrecken (1,5-2 Stunden pro Strecke, ohne Zwischenstopps) bis hin zu den l\u00e4ngsten Strecken (3-3,5 Stunden pro Strecke), in den abgelegensten und unber\u00fchrtesten Orten der Insel.<\/p><p>\u00a0<\/p><p><span style=\"font-size: 16px;\">Informationen: <\/span><a style=\"font-size: 16px; background-color: #ffffff;\" href=\"http:\/\/www.treninoverde.com\/\">www.treninoverde.com<\/a><\/p><\/div><\/div><\/div>\t\t<\/div>\n\t\t\t\t<\/div>\n\t\t\t\t<div class=\"elementor-element elementor-element-acccb5f elementor-widget elementor-widget-distanziatore\" data-id=\"acccb5f\" data-element_type=\"widget\" data-widget_type=\"distanziatore.default\">\n\t\t\t\t<div class=\"elementor-widget-container\">\n\t\t\t\t\t<div class=\"distanziatore-spacer\">\n\t\t\t<div class=\"distanziatore-spacer-inner margin-piccolo\"><\/div>\n\t\t<\/div>\n\t\t\t\t<\/div>\n\t\t\t\t<\/div>\n\t\t\t\t\t<\/div>\n\t\t<\/div>\n\t\t\t\t\t\t\t<\/div>\n\t\t<\/section>\n\t\t\t\t<section class=\"elementor-section elementor-top-section elementor-element elementor-element-dd35401 elementor-section-boxed elementor-section-height-default elementor-section-height-default\" data-id=\"dd35401\" data-element_type=\"section\">\n\t\t\t\t\t\t<div class=\"elementor-container elementor-column-gap-default\">\n\t\t\t\t\t<div class=\"elementor-column elementor-col-100 elementor-top-column elementor-element elementor-element-63b9988\" data-id=\"63b9988\" data-element_type=\"column\">\n\t\t\t<div class=\"elementor-widget-wrap elementor-element-populated\">\n\t\t\t\t\t\t\t\t<div class=\"elementor-element elementor-element-f96e408 elementor-widget elementor-widget-titolo-e-testo\" data-id=\"f96e408\" data-element_type=\"widget\" data-widget_type=\"titolo-e-testo.default\">\n\t\t\t\t<div class=\"elementor-widget-container\">\n\t\t\t<div class=\"titolo-e-testo\"><div class=\"title__container\"><H3 class=\"title\" style=\"\">Die Transsibirische Bahn Italiens<\/H3><\/div><div class=\"text__container\"><div class=\"text\" style=\"\"><p>Nicht jeder wei\u00df es, da\u00df man in Italien im Herzen des Apennins, zwischen hohen Bergen, W\u00e4ldern und Steind\u00f6rfern, ein Abenteuer im Zug erleben kann. Von den entlegenen Winkeln Irpiniens bis zu den historischen St\u00e4dten der Abruzzen ist die ber\u00fchmteste und spektakul\u00e4rste Strecke diejenige, die Sulmona mit Isernia, der historischen Endstation, verbindet und dabei die 1.268 Meter von Rivisoldoli durchf\u00e4hrt.<\/p><p>Entlang der Strecke k\u00f6nnen F\u00fchrungen organisiert werden, um das Gebiet besser kennen zu lernen.<\/p><p>\u00a0<\/p><p><span style=\"font-size: 16px;\">Informationen: <\/span><a style=\"font-size: 16px; background-color: #ffffff;\" href=\"https:\/\/www.latransiberianaditalia.com\/\">latransiberianaditalia.com<\/a><\/p><\/div><\/div><\/div>\t\t<\/div>\n\t\t\t\t<\/div>\n\t\t\t\t<div class=\"elementor-element elementor-element-2a35116 elementor-widget elementor-widget-distanziatore\" data-id=\"2a35116\" data-element_type=\"widget\" data-widget_type=\"distanziatore.default\">\n\t\t\t\t<div class=\"elementor-widget-container\">\n\t\t\t\t\t<div class=\"distanziatore-spacer\">\n\t\t\t<div class=\"distanziatore-spacer-inner margin-piccolo\"><\/div>\n\t\t<\/div>\n\t\t\t\t<\/div>\n\t\t\t\t<\/div>\n\t\t\t\t<div class=\"elementor-element elementor-element-7bcfcb5 elementor-widget elementor-widget-immagine-singola\" data-id=\"7bcfcb5\" data-element_type=\"widget\" data-widget_type=\"immagine-singola.default\">\n\t\t\t\t<div class=\"elementor-widget-container\">\n\t\t\t<div class='container-immagine-singola'><img class='immagine-singola'  src=https:\/\/www.primigi.it\/wp-content\/uploads\/2023\/04\/La-Transiberiana-dItalia_s.jpg \/><\/div>\t\t<\/div>\n\t\t\t\t<\/div>\n\t\t\t\t<div class=\"elementor-element elementor-element-7478084 elementor-widget elementor-widget-distanziatore\" data-id=\"7478084\" data-element_type=\"widget\" data-widget_type=\"distanziatore.default\">\n\t\t\t\t<div class=\"elementor-widget-container\">\n\t\t\t\t\t<div class=\"distanziatore-spacer\">\n\t\t\t<div class=\"distanziatore-spacer-inner margin-piccolo\"><\/div>\n\t\t<\/div>\n\t\t\t\t<\/div>\n\t\t\t\t<\/div>\n\t\t\t\t\t<\/div>\n\t\t<\/div>\n\t\t\t\t\t\t\t<\/div>\n\t\t<\/section>\n\t\t\t\t<section class=\"elementor-section elementor-top-section elementor-element elementor-element-5948c32 elementor-section-boxed elementor-section-height-default elementor-section-height-default\" data-id=\"5948c32\" data-element_type=\"section\">\n\t\t\t\t\t\t<div class=\"elementor-container elementor-column-gap-default\">\n\t\t\t\t\t<div class=\"elementor-column elementor-col-100 elementor-top-column elementor-element elementor-element-44846d4\" data-id=\"44846d4\" data-element_type=\"column\">\n\t\t\t<div class=\"elementor-widget-wrap elementor-element-populated\">\n\t\t\t\t\t\t\t\t<div class=\"elementor-element elementor-element-841afb3 elementor-widget elementor-widget-titolo-e-testo\" data-id=\"841afb3\" data-element_type=\"widget\" data-widget_type=\"titolo-e-testo.default\">\n\t\t\t\t<div class=\"elementor-widget-container\">\n\t\t\t<div class=\"titolo-e-testo\"><div class=\"title__container\"><H3 class=\"title\" style=\"\">Mit Stil an Bord <\/H3><\/div><div class=\"text__container\"><div class=\"text\" style=\"\"><p>Echte Reisende erkennt man an zwei unverwechselbaren Merkmalen: super minimales Gep\u00e4ck und an der Kleidung, die auch nach stundenlangen Reisen immer passend und frisch ist. Das Geheimnis? Eine Auswahl, bei der die Qualit\u00e4t im Vordergrund steht, genau wie jene, die man \u00a0im Primigi-Shop findet. Weiche und nat\u00fcrliche Materialien, klassische Schnitte und Stil, mit Details wie Farben und Mustern, die das gewisse Etwas verleihen.<\/p><p>Und dann die Schuhe, sehr bequem und perfekt, um an Bord zu gehen, wunderbare Orte zu entdecken und unvergessliche Erfahrungen zu machen.<\/p><p>\u00a0<\/p><p>*Dieser Artikel wurde in Zusammenarbeit mit <strong><a href=\"https:\/\/www.giovanigenitori.it\/\" target=\"_blank\" rel=\"alternate noopener noreferrer\">Giovani Genitori<\/a><\/strong><\/p><\/div><\/div><\/div>\t\t<\/div>\n\t\t\t\t<\/div>\n\t\t\t\t\t<\/div>\n\t\t<\/div>\n\t\t\t\t\t\t\t<\/div>\n\t\t<\/section>\n\t\t\t\t\t\t\t<\/div>\n\t\t","protected":false},"excerpt":{"rendered":"<p>Die Faszination der Z\u00fcge schafft es \u00a0alle in die Kindheit zur\u00fcckzuversetzen. Tschu-tschu&#8220; macht der kleine Zug, den unsere Eltern mit ihren\u00a0 H\u00e4nden auf einer imagin\u00e4ren Schiene bewegten, ebenso wie der Zug, den wir mit den ersten elektrischen Bahnen ferngesteuert haben. Sogar der Zug, der von unseren Kindern in Video-Games gesteuert wird, macht das gleiche Ger\u00e4usch. &hellip;<\/p>\n<p class=\"read-more\"> <a class=\"\" href=\"https:\/\/www.primigi.it\/de\/mama-du-weisst-dass\/gemeinsam-reisen\/im-zug-die-schoensten-strecken-europas\/\"> <span class=\"screen-reader-text\">Im Zug: die sch\u00f6nsten Strecken Europas<\/span> Read More \u00bb<\/a><\/p>\n","protected":false},"author":4,"featured_media":7589,"comment_status":"open","ping_status":"open","sticky":false,"template":"","format":"standard","meta":{"site-sidebar-layout":"default","site-content-layout":"default","ast-global-header-display":"","ast-banner-title-visibility":"","ast-main-header-display":"","ast-hfb-above-header-display":"","ast-hfb-below-header-display":"","ast-hfb-mobile-header-display":"","site-post-title":"","ast-breadcrumbs-content":"","ast-featured-img":"","footer-sml-layout":"","theme-transparent-header-meta":"default","adv-header-id-meta":"","stick-header-meta":"","header-above-stick-meta":"","header-main-stick-meta":"","header-below-stick-meta":""},"categories":[3],"tags":[],"acf":[],"yoast_head":"<!-- This site is optimized with the Yoast SEO plugin v20.11 - https:\/\/yoast.com\/wordpress\/plugins\/seo\/ -->\n<title>Im Zug: die sch\u00f6nsten Strecken Europas - Primigi<\/title>\n<meta name=\"description\" content=\"Primigi - Primigi - Spektakul\u00e4re, lustige, besondere und kinderfreundliche Strecken Die Faszination der Z\u00fcge schafft es alle in die Kindheit zur\u00fcckzuversetzen.\" \/>\n<meta name=\"robots\" content=\"index, follow, max-snippet:-1, max-image-preview:large, max-video-preview:-1\" \/>\n<link rel=\"canonical\" href=\"https:\/\/www.primigi.it\/de\/mama-du-weisst-dass\/gemeinsam-reisen\/im-zug-die-schoensten-strecken-europas\/\" \/>\n<meta property=\"og:locale\" content=\"de_DE\" \/>\n<meta property=\"og:type\" content=\"article\" \/>\n<meta property=\"og:title\" content=\"Im Zug: die sch\u00f6nsten Strecken Europas - Primigi\" \/>\n<meta property=\"og:description\" content=\"Primigi - Primigi - Spektakul\u00e4re, lustige, besondere und kinderfreundliche Strecken Die Faszination der Z\u00fcge schafft es alle in die Kindheit zur\u00fcckzuversetzen.\" \/>\n<meta property=\"og:url\" content=\"https:\/\/www.primigi.it\/de\/mama-du-weisst-dass\/gemeinsam-reisen\/im-zug-die-schoensten-strecken-europas\/\" \/>\n<meta property=\"og:site_name\" content=\"Primigi\" \/>\n<meta property=\"article:published_time\" content=\"2023-11-10T18:13:41+00:00\" \/>\n<meta property=\"article:modified_time\" content=\"2025-09-24T07:58:32+00:00\" \/>\n<meta property=\"og:image\" content=\"https:\/\/www.primigi.it\/wp-content\/uploads\/2023\/04\/76a9f3192c11f934bf5a64b69258bd06_XL.jpg\" \/>\n\t<meta property=\"og:image:width\" content=\"1920\" \/>\n\t<meta property=\"og:image:height\" content=\"768\" \/>\n\t<meta property=\"og:image:type\" content=\"image\/jpeg\" \/>\n<meta name=\"author\" content=\"Alessandra Spiezia\" \/>\n<meta name=\"twitter:card\" content=\"summary_large_image\" \/>\n<meta name=\"twitter:label1\" content=\"Verfasst von\" \/>\n\t<meta name=\"twitter:data1\" content=\"Alessandra Spiezia\" \/>\n\t<meta name=\"twitter:label2\" content=\"Gesch\u00e4tzte Lesezeit\" \/>\n\t<meta name=\"twitter:data2\" content=\"8 Minuten\" \/>\n<script type=\"application\/ld+json\" class=\"yoast-schema-graph\">{\"@context\":\"https:\/\/schema.org\",\"@graph\":[{\"@type\":\"Article\",\"@id\":\"https:\/\/www.primigi.it\/de\/mama-du-weisst-dass\/gemeinsam-reisen\/im-zug-die-schoensten-strecken-europas\/#article\",\"isPartOf\":{\"@id\":\"https:\/\/www.primigi.it\/de\/mama-du-weisst-dass\/gemeinsam-reisen\/im-zug-die-schoensten-strecken-europas\/\"},\"author\":{\"name\":\"Alessandra Spiezia\",\"@id\":\"https:\/\/www.primigi.it\/de\/#\/schema\/person\/946130f37c7995e42e774e30e8117be1\"},\"headline\":\"Im Zug: die sch\u00f6nsten Strecken Europas\",\"datePublished\":\"2023-11-10T18:13:41+00:00\",\"dateModified\":\"2025-09-24T07:58:32+00:00\",\"mainEntityOfPage\":{\"@id\":\"https:\/\/www.primigi.it\/de\/mama-du-weisst-dass\/gemeinsam-reisen\/im-zug-die-schoensten-strecken-europas\/\"},\"wordCount\":1206,\"commentCount\":0,\"publisher\":{\"@id\":\"https:\/\/www.primigi.it\/de\/#organization\"},\"articleSection\":[\"Unkategorisiert\"],\"inLanguage\":\"de-DE\",\"potentialAction\":[{\"@type\":\"CommentAction\",\"name\":\"Comment\",\"target\":[\"https:\/\/www.primigi.it\/de\/mama-du-weisst-dass\/gemeinsam-reisen\/im-zug-die-schoensten-strecken-europas\/#respond\"]}]},{\"@type\":\"WebPage\",\"@id\":\"https:\/\/www.primigi.it\/de\/mama-du-weisst-dass\/gemeinsam-reisen\/im-zug-die-schoensten-strecken-europas\/\",\"url\":\"https:\/\/www.primigi.it\/de\/mama-du-weisst-dass\/gemeinsam-reisen\/im-zug-die-schoensten-strecken-europas\/\",\"name\":\"Im Zug: die sch\u00f6nsten Strecken Europas - Primigi\",\"isPartOf\":{\"@id\":\"https:\/\/www.primigi.it\/de\/#website\"},\"datePublished\":\"2023-11-10T18:13:41+00:00\",\"dateModified\":\"2025-09-24T07:58:32+00:00\",\"description\":\"Primigi - Primigi - Spektakul\u00e4re, lustige, besondere und kinderfreundliche Strecken Die Faszination der Z\u00fcge schafft es alle in die Kindheit zur\u00fcckzuversetzen.\",\"breadcrumb\":{\"@id\":\"https:\/\/www.primigi.it\/de\/mama-du-weisst-dass\/gemeinsam-reisen\/im-zug-die-schoensten-strecken-europas\/#breadcrumb\"},\"inLanguage\":\"de-DE\",\"potentialAction\":[{\"@type\":\"ReadAction\",\"target\":[\"https:\/\/www.primigi.it\/de\/mama-du-weisst-dass\/gemeinsam-reisen\/im-zug-die-schoensten-strecken-europas\/\"]}]},{\"@type\":\"BreadcrumbList\",\"@id\":\"https:\/\/www.primigi.it\/de\/mama-du-weisst-dass\/gemeinsam-reisen\/im-zug-die-schoensten-strecken-europas\/#breadcrumb\",\"itemListElement\":[{\"@type\":\"ListItem\",\"position\":1,\"name\":\"Home\",\"item\":\"https:\/\/www.primigi.it\/de\/\"},{\"@type\":\"ListItem\",\"position\":2,\"name\":\"Im Zug: die sch\u00f6nsten Strecken Europas\"}]},{\"@type\":\"WebSite\",\"@id\":\"https:\/\/www.primigi.it\/de\/#website\",\"url\":\"https:\/\/www.primigi.it\/de\/\",\"name\":\"Primigi\",\"description\":\"Scarpe e abbigliamento per bambino e bambina\",\"publisher\":{\"@id\":\"https:\/\/www.primigi.it\/de\/#organization\"},\"potentialAction\":[{\"@type\":\"SearchAction\",\"target\":{\"@type\":\"EntryPoint\",\"urlTemplate\":\"https:\/\/www.primigi.it\/de\/?s={search_term_string}\"},\"query-input\":\"required name=search_term_string\"}],\"inLanguage\":\"de-DE\"},{\"@type\":\"Organization\",\"@id\":\"https:\/\/www.primigi.it\/de\/#organization\",\"name\":\"Primigi\",\"url\":\"https:\/\/www.primigi.it\/de\/\",\"logo\":{\"@type\":\"ImageObject\",\"inLanguage\":\"de-DE\",\"@id\":\"https:\/\/www.primigi.it\/de\/#\/schema\/logo\/image\/\",\"url\":\"https:\/\/www.primigi.it\/wp-content\/uploads\/2023\/03\/cropped-Primigi_logo50_vert-200.png\",\"contentUrl\":\"https:\/\/www.primigi.it\/wp-content\/uploads\/2023\/03\/cropped-Primigi_logo50_vert-200.png\",\"width\":200,\"height\":208,\"caption\":\"Primigi\"},\"image\":{\"@id\":\"https:\/\/www.primigi.it\/de\/#\/schema\/logo\/image\/\"}},{\"@type\":\"Person\",\"@id\":\"https:\/\/www.primigi.it\/de\/#\/schema\/person\/946130f37c7995e42e774e30e8117be1\",\"name\":\"Alessandra Spiezia\",\"image\":{\"@type\":\"ImageObject\",\"inLanguage\":\"de-DE\",\"@id\":\"https:\/\/www.primigi.it\/de\/#\/schema\/person\/image\/\",\"url\":\"https:\/\/www.primigi.it\/wp-content\/litespeed\/avatar\/57f9e4600e30cab6a653c3f9fa1b2d03.jpg?ver=1777552058\",\"contentUrl\":\"https:\/\/www.primigi.it\/wp-content\/litespeed\/avatar\/57f9e4600e30cab6a653c3f9fa1b2d03.jpg?ver=1777552058\",\"caption\":\"Alessandra Spiezia\"}}]}<\/script>\n<!-- \/ Yoast SEO plugin. -->","yoast_head_json":{"title":"Im Zug: die sch\u00f6nsten Strecken Europas - Primigi","description":"Primigi - Primigi - Spektakul\u00e4re, lustige, besondere und kinderfreundliche Strecken Die Faszination der Z\u00fcge schafft es alle in die Kindheit zur\u00fcckzuversetzen.","robots":{"index":"index","follow":"follow","max-snippet":"max-snippet:-1","max-image-preview":"max-image-preview:large","max-video-preview":"max-video-preview:-1"},"canonical":"https:\/\/www.primigi.it\/de\/mama-du-weisst-dass\/gemeinsam-reisen\/im-zug-die-schoensten-strecken-europas\/","og_locale":"de_DE","og_type":"article","og_title":"Im Zug: die sch\u00f6nsten Strecken Europas - Primigi","og_description":"Primigi - Primigi - Spektakul\u00e4re, lustige, besondere und kinderfreundliche Strecken Die Faszination der Z\u00fcge schafft es alle in die Kindheit zur\u00fcckzuversetzen.","og_url":"https:\/\/www.primigi.it\/de\/mama-du-weisst-dass\/gemeinsam-reisen\/im-zug-die-schoensten-strecken-europas\/","og_site_name":"Primigi","article_published_time":"2023-11-10T18:13:41+00:00","article_modified_time":"2025-09-24T07:58:32+00:00","og_image":[{"width":1920,"height":768,"url":"https:\/\/www.primigi.it\/wp-content\/uploads\/2023\/04\/76a9f3192c11f934bf5a64b69258bd06_XL.jpg","type":"image\/jpeg"}],"author":"Alessandra Spiezia","twitter_card":"summary_large_image","twitter_misc":{"Verfasst von":"Alessandra Spiezia","Gesch\u00e4tzte Lesezeit":"8 Minuten"},"schema":{"@context":"https:\/\/schema.org","@graph":[{"@type":"Article","@id":"https:\/\/www.primigi.it\/de\/mama-du-weisst-dass\/gemeinsam-reisen\/im-zug-die-schoensten-strecken-europas\/#article","isPartOf":{"@id":"https:\/\/www.primigi.it\/de\/mama-du-weisst-dass\/gemeinsam-reisen\/im-zug-die-schoensten-strecken-europas\/"},"author":{"name":"Alessandra Spiezia","@id":"https:\/\/www.primigi.it\/de\/#\/schema\/person\/946130f37c7995e42e774e30e8117be1"},"headline":"Im Zug: die sch\u00f6nsten Strecken Europas","datePublished":"2023-11-10T18:13:41+00:00","dateModified":"2025-09-24T07:58:32+00:00","mainEntityOfPage":{"@id":"https:\/\/www.primigi.it\/de\/mama-du-weisst-dass\/gemeinsam-reisen\/im-zug-die-schoensten-strecken-europas\/"},"wordCount":1206,"commentCount":0,"publisher":{"@id":"https:\/\/www.primigi.it\/de\/#organization"},"articleSection":["Unkategorisiert"],"inLanguage":"de-DE","potentialAction":[{"@type":"CommentAction","name":"Comment","target":["https:\/\/www.primigi.it\/de\/mama-du-weisst-dass\/gemeinsam-reisen\/im-zug-die-schoensten-strecken-europas\/#respond"]}]},{"@type":"WebPage","@id":"https:\/\/www.primigi.it\/de\/mama-du-weisst-dass\/gemeinsam-reisen\/im-zug-die-schoensten-strecken-europas\/","url":"https:\/\/www.primigi.it\/de\/mama-du-weisst-dass\/gemeinsam-reisen\/im-zug-die-schoensten-strecken-europas\/","name":"Im Zug: die sch\u00f6nsten Strecken Europas - Primigi","isPartOf":{"@id":"https:\/\/www.primigi.it\/de\/#website"},"datePublished":"2023-11-10T18:13:41+00:00","dateModified":"2025-09-24T07:58:32+00:00","description":"Primigi - Primigi - Spektakul\u00e4re, lustige, besondere und kinderfreundliche Strecken Die Faszination der Z\u00fcge schafft es alle in die Kindheit zur\u00fcckzuversetzen.","breadcrumb":{"@id":"https:\/\/www.primigi.it\/de\/mama-du-weisst-dass\/gemeinsam-reisen\/im-zug-die-schoensten-strecken-europas\/#breadcrumb"},"inLanguage":"de-DE","potentialAction":[{"@type":"ReadAction","target":["https:\/\/www.primigi.it\/de\/mama-du-weisst-dass\/gemeinsam-reisen\/im-zug-die-schoensten-strecken-europas\/"]}]},{"@type":"BreadcrumbList","@id":"https:\/\/www.primigi.it\/de\/mama-du-weisst-dass\/gemeinsam-reisen\/im-zug-die-schoensten-strecken-europas\/#breadcrumb","itemListElement":[{"@type":"ListItem","position":1,"name":"Home","item":"https:\/\/www.primigi.it\/de\/"},{"@type":"ListItem","position":2,"name":"Im Zug: die sch\u00f6nsten Strecken Europas"}]},{"@type":"WebSite","@id":"https:\/\/www.primigi.it\/de\/#website","url":"https:\/\/www.primigi.it\/de\/","name":"Primigi","description":"Scarpe e abbigliamento per bambino e bambina","publisher":{"@id":"https:\/\/www.primigi.it\/de\/#organization"},"potentialAction":[{"@type":"SearchAction","target":{"@type":"EntryPoint","urlTemplate":"https:\/\/www.primigi.it\/de\/?s={search_term_string}"},"query-input":"required name=search_term_string"}],"inLanguage":"de-DE"},{"@type":"Organization","@id":"https:\/\/www.primigi.it\/de\/#organization","name":"Primigi","url":"https:\/\/www.primigi.it\/de\/","logo":{"@type":"ImageObject","inLanguage":"de-DE","@id":"https:\/\/www.primigi.it\/de\/#\/schema\/logo\/image\/","url":"https:\/\/www.primigi.it\/wp-content\/uploads\/2023\/03\/cropped-Primigi_logo50_vert-200.png","contentUrl":"https:\/\/www.primigi.it\/wp-content\/uploads\/2023\/03\/cropped-Primigi_logo50_vert-200.png","width":200,"height":208,"caption":"Primigi"},"image":{"@id":"https:\/\/www.primigi.it\/de\/#\/schema\/logo\/image\/"}},{"@type":"Person","@id":"https:\/\/www.primigi.it\/de\/#\/schema\/person\/946130f37c7995e42e774e30e8117be1","name":"Alessandra Spiezia","image":{"@type":"ImageObject","inLanguage":"de-DE","@id":"https:\/\/www.primigi.it\/de\/#\/schema\/person\/image\/","url":"https:\/\/www.primigi.it\/wp-content\/litespeed\/avatar\/57f9e4600e30cab6a653c3f9fa1b2d03.jpg?ver=1777552058","contentUrl":"https:\/\/www.primigi.it\/wp-content\/litespeed\/avatar\/57f9e4600e30cab6a653c3f9fa1b2d03.jpg?ver=1777552058","caption":"Alessandra Spiezia"}}]}},"wpml_current_locale":"de_DE","wpml_translations":{"it_IT":{"locale":"it_IT","id":6798,"slug":"in-treno-i-percorsi-piu-belli-deuropa","post_title":"In treno: i percorsi pi\u00f9 belli d\u2019Europa","href":"https:\/\/www.primigi.it\/mamma-lo-sai-che\/viaggiare-insieme\/in-treno-i-percorsi-piu-belli-deuropa\/"},"en_US":{"locale":"en_US","id":26480,"slug":"in-treno-i-percorsi-piu-belli-deuropa","post_title":"By train: the most wonderful routes of Europe.","href":"https:\/\/www.primigi.it\/en\/mum-do-you-know\/travelling-together\/in-treno-i-percorsi-piu-belli-deuropa\/"},"fr_FR":{"locale":"fr_FR","id":26485,"slug":"en-train-les-parcours-les-plus-beaux-en-europe","post_title":"En train: les parcours les plus beaux en Europe","href":"https:\/\/www.primigi.it\/fr\/tu-sais-maman\/voyager-ensemble\/en-train-les-parcours-les-plus-beaux-en-europe\/"},"ru_RU":{"locale":"ru_RU","id":26489,"slug":"%d0%b2-%d0%bf%d0%be%d0%b5%d0%b7%d0%b4%d0%b5-%d1%81%d0%b0%d0%bc%d1%8b%d0%b5-%d0%ba%d1%80%d0%b0%d1%81%d0%b8%d0%b2%d1%8b%d0%b5-%d0%bc%d0%b0%d1%80%d1%88%d1%80%d1%83%d1%82%d1%8b-%d0%b2-%d0%b5%d0%b2%d1%80","post_title":"\u0412 \u043f\u043e\u0435\u0437\u0434\u0435: \u0441\u0430\u043c\u044b\u0435 \u043a\u0440\u0430\u0441\u0438\u0432\u044b\u0435 \u043c\u0430\u0440\u0448\u0440\u0443\u0442\u044b \u0432 \u0415\u0432\u0440\u043e\u043f\u0435","href":"https:\/\/www.primigi.it\/ru\/%D0%BC%D0%B0%D0%BC%D0%B0-%D1%82%D1%8B-%D0%B7%D0%BD%D0%B0%D0%B5%D1%88%D1%8C-%D1%87%D1%82%D0%BE\/%D0%BF%D1%83%D1%82%D0%B5%D1%88%D0%B5%D1%81%D1%82%D0%B2%D1%83%D0%B9%D1%82%D0%B5-%D0%B2%D0%BC%D0%B5%D1%81%D1%82%D0%B5\/%D0%B2-%D0%BF%D0%BE%D0%B5%D0%B7%D0%B4%D0%B5-%D1%81%D0%B0%D0%BC%D1%8B%D0%B5-%D0%BA%D1%80%D0%B0%D1%81%D0%B8%D0%B2%D1%8B%D0%B5-%D0%BC%D0%B0%D1%80%D1%88%D1%80%D1%83%D1%82%D1%8B-%D0%B2-%D0%B5%D0%B2%D1%80\/"},"es_ES":{"locale":"es_ES","id":26493,"slug":"en-tren-las-rutas-mas-bellas-de-europa","post_title":"En tren: las rutas m\u00e1s bellas de Europa","href":"https:\/\/www.primigi.it\/es\/mama-lo-sabes\/viajar-juntas\/en-tren-las-rutas-mas-bellas-de-europa\/"}},"_links":{"self":[{"href":"https:\/\/www.primigi.it\/de\/wp-json\/wp\/v2\/posts\/26487"}],"collection":[{"href":"https:\/\/www.primigi.it\/de\/wp-json\/wp\/v2\/posts"}],"about":[{"href":"https:\/\/www.primigi.it\/de\/wp-json\/wp\/v2\/types\/post"}],"author":[{"embeddable":true,"href":"https:\/\/www.primigi.it\/de\/wp-json\/wp\/v2\/users\/4"}],"replies":[{"embeddable":true,"href":"https:\/\/www.primigi.it\/de\/wp-json\/wp\/v2\/comments?post=26487"}],"version-history":[{"count":13,"href":"https:\/\/www.primigi.it\/de\/wp-json\/wp\/v2\/posts\/26487\/revisions"}],"predecessor-version":[{"id":26596,"href":"https:\/\/www.primigi.it\/de\/wp-json\/wp\/v2\/posts\/26487\/revisions\/26596"}],"wp:featuredmedia":[{"embeddable":true,"href":"https:\/\/www.primigi.it\/de\/wp-json\/wp\/v2\/media\/7589"}],"wp:attachment":[{"href":"https:\/\/www.primigi.it\/de\/wp-json\/wp\/v2\/media?parent=26487"}],"wp:term":[{"taxonomy":"category","embeddable":true,"href":"https:\/\/www.primigi.it\/de\/wp-json\/wp\/v2\/categories?post=26487"},{"taxonomy":"post_tag","embeddable":true,"href":"https:\/\/www.primigi.it\/de\/wp-json\/wp\/v2\/tags?post=26487"}],"curies":[{"name":"wp","href":"https:\/\/api.w.org\/{rel}","templated":true}]}}